{"id":18043,"date":"2025-09-10T12:06:09","date_gmt":"2025-09-10T12:06:09","guid":{"rendered":"https:\/\/ladepeche.mr\/?p=18043"},"modified":"2025-09-10T12:06:09","modified_gmt":"2025-09-10T12:06:09","slug":"france-sebastien-lecornu-nouveau-premier-ministre","status":"publish","type":"post","link":"https:\/\/ladepeche.mr\/?p=18043","title":{"rendered":"France : S\u00e9bastien Lecornu nouveau Premier ministre"},"content":{"rendered":"<p>Le pr\u00e9sident fran\u00e7ais Emmanuel Macron a trouv\u00e9 son cinqui\u00e8me chef du gouvernement en moins de trois ans en un temps record. Les manifestations de &#8220;Bloquons tout&#8221; et la crise g\u00e9n\u00e9rale avec le d\u00e9ficit budg\u00e9taire, en effet, rendaient la chose urgente.<br \/>\nLe pr\u00e9sident fran\u00e7ais Emmanuel Macron a nomm\u00e9 mardi soir le ministre de la D\u00e9fense S\u00e9bastien Lecornu au poste de Premier ministre, le quatri\u00e8me en un peu plus d&#8217;un an.<\/p>\n<p>Selon un communiqu\u00e9 de presse publi\u00e9 mardi soir par l&#8217;\u00c9lys\u00e9e, Emmanuel Macron \u00ab a charg\u00e9 \u00bb S\u00e9bastien Lecornu de \u00ab consulter les forces politiques repr\u00e9sent\u00e9es au Parlement afin d&#8217;adopter un budget et de s&#8217;appuyer sur les accords indispensables aux d\u00e9cisions des prochains mois \u00bb.<\/p>\n<p>S\u00e9bastien Lecornu devra d\u00e9sormais nommer son cabinet et ses ministres dans les prochains jours. La passation de pouvoirs entre Fran\u00e7ois Bayrou et S\u00e9bastien Lecornu aura lieu mercredi midi \u00e0 Matignon, apprend-on aupr\u00e8s des services de l&#8217;ex-Premier ministre.<\/p>\n<p>Cette annonce intervient \u00e9galement \u00e0 la veille de manifestations nationales visant \u00e0 paralyser les transports, les \u00e9coles et la vie quotidienne.<\/p>\n","protected":false},"excerpt":{"rendered":"<p>Le pr\u00e9sident fran\u00e7ais Emmanuel Macron a trouv\u00e9 son cinqui\u00e8me chef du gouvernement en moins de trois ans en un temps record. Les manifestations de &#8220;Bloquons tout&#8221; et la crise g\u00e9n\u00e9rale avec le d\u00e9ficit budg\u00e9taire, en effet, rendaient la chose urgente. Le pr\u00e9sident fran\u00e7ais Emmanuel Macron a nomm\u00e9 mardi soir le ministre de la D\u00e9fense S\u00e9bastien &hellip;<\/p>\n","protected":false},"author":2,"featured_media":18044,"comment_status":"open","ping_status":"open","sticky":false,"template":"","format":"standard","meta":{"footnotes":""},"categories":[18,29],"tags":[],"class_list":["post-18043","post","type-post","status-publish","format-standard","has-post-thumbnail","hentry","category-actualites","category-monde"],"_links":{"self":[{"href":"https:\/\/ladepeche.mr\/index.php?rest_route=\/wp\/v2\/posts\/18043","targetHints":{"allow":["GET"]}}],"collection":[{"href":"https:\/\/ladepeche.mr\/index.php?rest_route=\/wp\/v2\/posts"}],"about":[{"href":"https:\/\/ladepeche.mr\/index.php?rest_route=\/wp\/v2\/types\/post"}],"author":[{"embeddable":true,"href":"https:\/\/ladepeche.mr\/index.php?rest_route=\/wp\/v2\/users\/2"}],"replies":[{"embeddable":true,"href":"https:\/\/ladepeche.mr\/index.php?rest_route=%2Fwp%2Fv2%2Fcomments&post=18043"}],"version-history":[{"count":1,"href":"https:\/\/ladepeche.mr\/index.php?rest_route=\/wp\/v2\/posts\/18043\/revisions"}],"predecessor-version":[{"id":18045,"href":"https:\/\/ladepeche.mr\/index.php?rest_route=\/wp\/v2\/posts\/18043\/revisions\/18045"}],"wp:featuredmedia":[{"embeddable":true,"href":"https:\/\/ladepeche.mr\/index.php?rest_route=\/wp\/v2\/media\/18044"}],"wp:attachment":[{"href":"https:\/\/ladepeche.mr\/index.php?rest_route=%2Fwp%2Fv2%2Fmedia&parent=18043"}],"wp:term":[{"taxonomy":"category","embeddable":true,"href":"https:\/\/ladepeche.mr\/index.php?rest_route=%2Fwp%2Fv2%2Fcategories&post=18043"},{"taxonomy":"post_tag","embeddable":true,"href":"https:\/\/ladepeche.mr\/index.php?rest_route=%2Fwp%2Fv2%2Ftags&post=18043"}],"curies":[{"name":"wp","href":"https:\/\/api.w.org\/{rel}","templated":true}]}}