{"id":18046,"date":"2025-09-10T12:21:39","date_gmt":"2025-09-10T12:21:39","guid":{"rendered":"https:\/\/ladepeche.mr\/?p=18046"},"modified":"2025-09-10T12:21:39","modified_gmt":"2025-09-10T12:21:39","slug":"hynfra-et-la-mauritanie-scellent-un-accord-de-15-milliard-de-dollars-pour-un-projet-dammoniac-vert-a-nouakchott","status":"publish","type":"post","link":"https:\/\/ladepeche.mr\/?p=18046","title":{"rendered":"Hynfra et la Mauritanie scellent un accord de 1,5 milliard de dollars pour un projet d\u2019ammoniac vert \u00e0 Nouakchott"},"content":{"rendered":"<p>\u00c0 l\u2019occasion de la conf\u00e9rence Mauritanides 2025, un accord-cadre a \u00e9t\u00e9 sign\u00e9 entre la soci\u00e9t\u00e9 Hynfra, via sa filiale locale Mauritania Green Ammonia SARL (MGA), et le gouvernement mauritanien, pour le d\u00e9veloppement d\u2019un projet d\u2019ammoniac vert estim\u00e9 \u00e0 1,5 milliard de dollars, r\u00e9v\u00e8le la soci\u00e9t\u00e9 Hynfra sur sa page Linkedin.<\/p>\n<p>Le document a \u00e9t\u00e9 sign\u00e9 par Mohamed Ould Khaled, ministre mauritanien de l\u2019\u00c9nergie et du P\u00e9trole, et Tomoho Umeda, directeur g\u00e9n\u00e9ral de MGA et pr\u00e9sident de Hynfra P.S.A., officialisant une nouvelle \u00e9tape vers la concr\u00e9tisation de cette initiative strat\u00e9gique.<\/p>\n<p>Pr\u00e9vu pour entrer en production en 2030, le projet vise la construction d\u2019une installation int\u00e9gr\u00e9e capable de produire annuellement 100 000 tonnes d\u2019ammoniac vert. L\u2019usine sera implant\u00e9e au sud du parc \u00e9olien de Somelec, \u00e0 proximit\u00e9 de Nouakchott, avec des exportations pr\u00e9vues via le Port de l\u2019Amiti\u00e9, le principal terminal maritime du pays.<\/p>\n<p>Le complexe industriel comprendra des installations photovolta\u00efques et \u00e9oliennes, des \u00e9lectrolyseurs, une usine d\u2019ammoniac vert, ainsi que diverses infrastructures de soutien, dont une station de dessalement, des unit\u00e9s de stockage d\u2019\u00e9nergie et une logistique d\u00e9di\u00e9e \u00e0 l\u2019exportation.<\/p>\n<p>Tomoho Umeda a soulign\u00e9 le potentiel exceptionnel du pays en mati\u00e8re d\u2019\u00e9nergies renouvelables :<\/p>\n<p>\u00ab La Mauritanie, gr\u00e2ce \u00e0 un ensoleillement intense et des vents forts et constants, b\u00e9n\u00e9ficie de conditions id\u00e9ales pour le d\u00e9veloppement des \u00e9nergies vertes. Associ\u00e9e \u00e0 l\u2019expertise polonaise dans la synth\u00e8se de l\u2019ammoniac, cette combinaison repr\u00e9sente une opportunit\u00e9 unique \u00e0 l\u2019\u00e9chelle mondiale. \u00bb<\/p>\n<p>Cet accord-cadre fait suite \u00e0 un protocole d\u2019accord sign\u00e9 l\u2019an dernier. Il marque une avanc\u00e9e significative pour un projet qui ambitionne de positionner la Mauritanie comme un acteur cl\u00e9 de la production mondiale d\u2019ammoniac vert, en s\u2019appuyant sur ses ressources naturelles abondantes et une technologie \u00e9prouv\u00e9e.<\/p>\n","protected":false},"excerpt":{"rendered":"<p>\u00c0 l\u2019occasion de la conf\u00e9rence Mauritanides 2025, un accord-cadre a \u00e9t\u00e9 sign\u00e9 entre la soci\u00e9t\u00e9 Hynfra, via sa filiale locale Mauritania Green Ammonia SARL (MGA), et le gouvernement mauritanien, pour le d\u00e9veloppement d\u2019un projet d\u2019ammoniac vert estim\u00e9 \u00e0 1,5 milliard de dollars, r\u00e9v\u00e8le la soci\u00e9t\u00e9 Hynfra sur sa page Linkedin. Le document a \u00e9t\u00e9 sign\u00e9 &hellip;<\/p>\n","protected":false},"author":2,"featured_media":18047,"comment_status":"open","ping_status":"open","sticky":false,"template":"","format":"standard","meta":{"footnotes":""},"categories":[18,2],"tags":[],"class_list":["post-18046","post","type-post","status-publish","format-standard","has-post-thumbnail","hentry","category-actualites","category-economie"],"_links":{"self":[{"href":"https:\/\/ladepeche.mr\/index.php?rest_route=\/wp\/v2\/posts\/18046","targetHints":{"allow":["GET"]}}],"collection":[{"href":"https:\/\/ladepeche.mr\/index.php?rest_route=\/wp\/v2\/posts"}],"about":[{"href":"https:\/\/ladepeche.mr\/index.php?rest_route=\/wp\/v2\/types\/post"}],"author":[{"embeddable":true,"href":"https:\/\/ladepeche.mr\/index.php?rest_route=\/wp\/v2\/users\/2"}],"replies":[{"embeddable":true,"href":"https:\/\/ladepeche.mr\/index.php?rest_route=%2Fwp%2Fv2%2Fcomments&post=18046"}],"version-history":[{"count":1,"href":"https:\/\/ladepeche.mr\/index.php?rest_route=\/wp\/v2\/posts\/18046\/revisions"}],"predecessor-version":[{"id":18048,"href":"https:\/\/ladepeche.mr\/index.php?rest_route=\/wp\/v2\/posts\/18046\/revisions\/18048"}],"wp:featuredmedia":[{"embeddable":true,"href":"https:\/\/ladepeche.mr\/index.php?rest_route=\/wp\/v2\/media\/18047"}],"wp:attachment":[{"href":"https:\/\/ladepeche.mr\/index.php?rest_route=%2Fwp%2Fv2%2Fmedia&parent=18046"}],"wp:term":[{"taxonomy":"category","embeddable":true,"href":"https:\/\/ladepeche.mr\/index.php?rest_route=%2Fwp%2Fv2%2Fcategories&post=18046"},{"taxonomy":"post_tag","embeddable":true,"href":"https:\/\/ladepeche.mr\/index.php?rest_route=%2Fwp%2Fv2%2Ftags&post=18046"}],"curies":[{"name":"wp","href":"https:\/\/api.w.org\/{rel}","templated":true}]}}