{"id":18049,"date":"2025-09-10T14:00:05","date_gmt":"2025-09-10T14:00:05","guid":{"rendered":"https:\/\/ladepeche.mr\/?p=18049"},"modified":"2025-09-10T13:30:12","modified_gmt":"2025-09-10T13:30:12","slug":"conference-gastech-a-milan-ould-khaled-met-en-avant-les-ambitions-energetiques-de-notre-pays","status":"publish","type":"post","link":"https:\/\/ladepeche.mr\/?p=18049","title":{"rendered":"Conf\u00e9rence Gastech \u00e0 Milan : Ould Khaled met en avant les ambitions \u00e9nerg\u00e9tiques de notre pays"},"content":{"rendered":"<p>La conf\u00e9rence internationale Gastech, rendez-vous mondial des acteurs du gaz et de l\u2019\u00e9nergie, s\u2019est ouverte ce mardi \u00e0 Milan, avec la participation de nombreuses d\u00e9l\u00e9gations gouvernementales et de hauts responsables d\u2019entreprises du secteur. La Mauritanie y est repr\u00e9sent\u00e9e par une d\u00e9l\u00e9gation conduite par le ministre de l\u2019\u00c9nergie et du P\u00e9trole, Mohamed Ould Khaled.<br \/>\nLors de la session minist\u00e9rielle de haut niveau, Ould Khaled a pris la parole aux c\u00f4t\u00e9s de plusieurs figures internationales, dont le vice-ministre am\u00e9ricain de l\u2019\u00c9nergie, Joshua Falls, le ministre \u00e9gyptien de l\u2019\u00c9nergie et du P\u00e9trole, Karim Badawi, ainsi que le secr\u00e9taire g\u00e9n\u00e9ral du Forum international de l\u2019\u00e9nergie, Jasim Shirawi.<br \/>\nDans son intervention, le ministre mauritanien a d\u00e9taill\u00e9 la strat\u00e9gie \u00e9nerg\u00e9tique nationale, articul\u00e9e autour de trois axes majeurs : l\u2019acc\u00e8s universel \u00e0 une \u00e9lectricit\u00e9 fiable et abordable, le d\u00e9veloppement industriel ax\u00e9 sur les secteurs strat\u00e9giques tels que l\u2019exploitation mini\u00e8re, et la volont\u00e9 de faire de la Mauritanie un hub r\u00e9gional et international des \u00e9nergies renouvelables.<br \/>\nOuld Khaled a \u00e9galelement particip\u00e9 \u00e0 une table ronde de haut niveau consacr\u00e9e \u00e0 la gouvernance \u00e9nerg\u00e9tique. Les discussions ont port\u00e9 sur les politiques, r\u00e9glementations et objectifs de durabilit\u00e9 dans un contexte de transition \u00e9nerg\u00e9tique mondiale. Cette session a r\u00e9uni des ministres, des d\u00e9cideurs et des experts internationaux, ainsi qu\u2019un panel de consultants sp\u00e9cialis\u00e9s dans les hydrocarbures.<br \/>\nLa pr\u00e9sence mauritanienne \u00e0 Gastech s\u2019inscrit dans une d\u00e9marche proactive de promotion du potentiel \u00e9nerg\u00e9tique du pays, notamment dans les domaines du gaz naturel et de l\u2019hydrog\u00e8ne vert. Le minist\u00e8re de l\u2019\u00c9nergie cherche \u00e0 mettre en valeur les ressources du bassin c\u00f4tier et les blocs d\u2019exploration identifi\u00e9s comme prometteurs par les donn\u00e9es g\u00e9ologiques.<br \/>\nEn marge de la conf\u00e9rence, le ministre a entam\u00e9 une s\u00e9rie de rencontres bilat\u00e9rales avec des partenaires et investisseurs internationaux, afin de renforcer les partenariats et d\u2019explorer de nouvelles opportunit\u00e9s d\u2019investissement. Il s\u2019agit \u00e9galement pour la Mauritanie de r\u00e9affirmer son image de pays stable et attractif sur la sc\u00e8ne \u00e9nerg\u00e9tique mondiale.<br \/>\nLa participation mauritanienne intervient dans un contexte porteur, marqu\u00e9 par le d\u00e9marrage de la production du champ gazier Grand Tortue Ahmeyim (GTA), un projet strat\u00e9gique partag\u00e9 avec le S\u00e9n\u00e9gal, qui positionne la Mauritanie comme un nouvel acteur \u00e9nerg\u00e9tique de poids en Afrique de l\u2019Ouest.<br \/>\nLe ministre est accompagn\u00e9 \u00e0 Milan par ses principaux collaborateurs, notamment Moustapha B\u00e9chir, conseiller charg\u00e9 du secteur p\u00e9trolier et gazier, et Ahmed Fall Mohameden, conseiller en charge de la coop\u00e9ration et de la communication.<br \/>\n(avec Ami)<\/p>\n","protected":false},"excerpt":{"rendered":"<p>La conf\u00e9rence internationale Gastech, rendez-vous mondial des acteurs du gaz et de l\u2019\u00e9nergie, s\u2019est ouverte ce mardi \u00e0 Milan, avec la participation de nombreuses d\u00e9l\u00e9gations gouvernementales et de hauts responsables d\u2019entreprises du secteur. La Mauritanie y est repr\u00e9sent\u00e9e par une d\u00e9l\u00e9gation conduite par le ministre de l\u2019\u00c9nergie et du P\u00e9trole, Mohamed Ould Khaled. Lors de &hellip;<\/p>\n","protected":false},"author":2,"featured_media":18050,"comment_status":"open","ping_status":"open","sticky":false,"template":"","format":"standard","meta":{"footnotes":""},"categories":[18,2],"tags":[],"class_list":["post-18049","post","type-post","status-publish","format-standard","has-post-thumbnail","hentry","category-actualites","category-economie"],"_links":{"self":[{"href":"https:\/\/ladepeche.mr\/index.php?rest_route=\/wp\/v2\/posts\/18049","targetHints":{"allow":["GET"]}}],"collection":[{"href":"https:\/\/ladepeche.mr\/index.php?rest_route=\/wp\/v2\/posts"}],"about":[{"href":"https:\/\/ladepeche.mr\/index.php?rest_route=\/wp\/v2\/types\/post"}],"author":[{"embeddable":true,"href":"https:\/\/ladepeche.mr\/index.php?rest_route=\/wp\/v2\/users\/2"}],"replies":[{"embeddable":true,"href":"https:\/\/ladepeche.mr\/index.php?rest_route=%2Fwp%2Fv2%2Fcomments&post=18049"}],"version-history":[{"count":1,"href":"https:\/\/ladepeche.mr\/index.php?rest_route=\/wp\/v2\/posts\/18049\/revisions"}],"predecessor-version":[{"id":18051,"href":"https:\/\/ladepeche.mr\/index.php?rest_route=\/wp\/v2\/posts\/18049\/revisions\/18051"}],"wp:featuredmedia":[{"embeddable":true,"href":"https:\/\/ladepeche.mr\/index.php?rest_route=\/wp\/v2\/media\/18050"}],"wp:attachment":[{"href":"https:\/\/ladepeche.mr\/index.php?rest_route=%2Fwp%2Fv2%2Fmedia&parent=18049"}],"wp:term":[{"taxonomy":"category","embeddable":true,"href":"https:\/\/ladepeche.mr\/index.php?rest_route=%2Fwp%2Fv2%2Fcategories&post=18049"},{"taxonomy":"post_tag","embeddable":true,"href":"https:\/\/ladepeche.mr\/index.php?rest_route=%2Fwp%2Fv2%2Ftags&post=18049"}],"curies":[{"name":"wp","href":"https:\/\/api.w.org\/{rel}","templated":true}]}}