{"id":18055,"date":"2025-09-10T20:26:30","date_gmt":"2025-09-10T20:26:30","guid":{"rendered":"https:\/\/ladepeche.mr\/?p=18055"},"modified":"2025-09-10T20:26:30","modified_gmt":"2025-09-10T20:26:30","slug":"le-conseil-des-ministres-approuve-un-projet-de-decret-portant-creation-dun-fonds-de-soutien-au-logement-des-enseignants","status":"publish","type":"post","link":"https:\/\/ladepeche.mr\/?p=18055","title":{"rendered":"Le Conseil des ministres approuve un projet de d\u00e9cret portant cr\u00e9ation d\u2019un fonds de soutien au logement des enseignants"},"content":{"rendered":"<p>Le Conseil des Ministres s\u2019est r\u00e9uni le Mercredi 10 septembre 2025, sous la Pr\u00e9sidence de Son Excellence Monsieur Mohamed OULD CHEIKH EL-GHAZOUANI, Pr\u00e9sident de la R\u00e9publique.<\/p>\n<p>Le Conseil a examin\u00e9 et adopt\u00e9 les projets de d\u00e9crets suivants :<\/p>\n<p>\u2013 Projet de d\u00e9cret portant cr\u00e9ation d\u2019un fonds d\u2019appui au logement des enseignants.<\/p>\n<p>Ce projet de d\u00e9cret vise \u00e0 cr\u00e9er le fonds d\u2019appui au logement des enseignants, en r\u00e9ponse \u00e0 la plus importante et pressante revendication de leurs syndicats, \u00e0 savoir l\u2019acc\u00e8s des enseignants aux logements d\u00e9cents.<\/p>\n<p>Ce fonds vise \u00e0 mutualiser les ressources mobilis\u00e9es gr\u00e2ce \u00e0 la subvention de l\u2019Etat et de ses partenaires, ainsi qu\u2019aux contributions des b\u00e9n\u00e9ficiaires pour soutenir le logement des enseignants.<\/p>\n<p>Ce projet de d\u00e9cret d\u00e9finit la d\u00e9nomination et les objectifs du fonds d\u2019appui au logement des enseignants, le mode d\u2019acc\u00e8s \u00e0 ses ressources, la composition, l\u2019organisation et le fonctionnement de ses commissions de supervision, les modalit\u00e9s pratiques de sa gestion et de son suivi, ainsi que les domaines de son d\u00e9caissement, tout en pr\u00e9cisant le type ou la cat\u00e9gorie de d\u00e9penses autoris\u00e9es et les cat\u00e9gories de d\u00e9penses recevables par le fonds.<\/p>\n<p>\u2013 Projet de d\u00e9cret portant approbation et d\u00e9claration d\u2019utilit\u00e9 publique du plan de lotissement du regroupement des localit\u00e9s Esweyeh dans la Moughataa de Bark\u00e9ol, Wilaya de l\u2019Assaba.<\/p>\n<p>\u2013 Projet de d\u00e9cret portant approbation et d\u00e9claration d\u2019utilit\u00e9 publique du plan de lotissement du regroupement des localit\u00e9s Tchembel dans la Moughataa de Bark\u00e9ol, Wilaya de l\u2019Assaba.<\/p>\n<p>\u2013 Projet de d\u00e9cret portant approbation et d\u00e9claration d\u2019utilit\u00e9 publique du plan de lotissement du regroupement des localit\u00e9s Mreida dans la Moughataa de Bark\u00e9ol, Wilaya de l\u2019Assaba.<\/p>\n<p>\u2013 Projet de d\u00e9cret portant approbation et d\u00e9claration d\u2019utilit\u00e9 publique du plan de lotissement du regroupement des localit\u00e9s Vra Jerke dans la Moughataa de Bark\u00e9ol, Wilaya de l\u2019Assaba.<\/p>\n<p>Ces quatre projets s\u2019inscrivent dans le cadre de la mise en \u0153uvre de la politique nationale de regroupement des localit\u00e9s, qui tend \u00e0 limiter la disposition anarchique des populations et \u00e0 faciliter leur acc\u00e8s aux services publics essentiels.<\/p>\n<p>Ils visent \u00e9galement \u00e0 fixer les populations et \u00e0 garantir leur stabilit\u00e9 dans des centres modernes offrant des conditions de vie d\u00e9centes, dans une perspective globale d\u2019instauration des fondements d\u2019un d\u00e9veloppement urbain durable.<\/p>\n<p>A cet effet, les plans de lotissement soumis visent \u00e0 r\u00e9organiser et \u00e0 regrouper (52) cinquante-deux villages au sein de quatre nouveaux regroupements am\u00e9nag\u00e9s et dot\u00e9s des \u00e9quipements et infrastructures n\u00e9cessaires, de mani\u00e8re \u00e0 garantir un mode de vie urbain structur\u00e9, et favoriser le d\u00e9veloppement local.<\/p>\n<p>\u2013 Projet de d\u00e9cret portant d\u00e9limitation d\u2019un p\u00e9rim\u00e8tre d\u2019intervention fonci\u00e8re (PIF) relatif \u00e0 l\u2019am\u00e9nagement du littoral de Nouakchott.<\/p>\n<p>Le projet de d\u00e9cret vise \u00e0 \u00e9tablir un instrument juridique sp\u00e9cifique pour r\u00e9guler et coordonner l\u2019action publique dans cette bande c\u00f4ti\u00e8re sensible, afin de pr\u00e9server son int\u00e9grit\u00e9 environnementale tout en soutenant la dynamique de r\u00e9habilitation et de d\u00e9veloppement durable. Il \u00e9tablit \u00e9galement un cadre clair, coh\u00e9rent et op\u00e9rationnel pour les autorit\u00e9s publiques et les partenaires techniques, int\u00e9grant des garanties ad\u00e9quates en mati\u00e8re de gouvernance, de gestion fonci\u00e8re, de ma\u00eetrise d\u2019ouvrage et de suivi des projets.<\/p>\n<p>\u2013 Projet de d\u00e9cret fixant les modalit\u00e9s de cr\u00e9ation et de fonctionnement des Mus\u00e9es.<\/p>\n<p>Ce projet de d\u00e9cret vise \u00e0 \u00e9tablir un cadre juridique clair pour r\u00e9glementer les m\u00e9canismes de cr\u00e9ation et de gestion des mus\u00e9es, destin\u00e9 \u00e0 insuffler une dynamique nouvelle au secteur, \u00e0 encourager les initiatives cr\u00e9dibles et \u00e0 \u00e9tendre la carte mus\u00e9ale \u00e0 l\u2019ensemble des wilayas du pays. Il contribuera ainsi \u00e0 la diffusion de la culture, \u00e0 l\u2019enracinement de la citoyennet\u00e9 et au renforcement de l\u2019unit\u00e9 nationale, \u00e0 travers la valorisation de la diversit\u00e9 culturelle et l\u2019\u00e9largissement \u00e9quitable de l\u2019acc\u00e8s au savoir.<\/p>\n<p>\u2013 Projet de d\u00e9cret portant r\u00e9organisation et fonctionnement du Conseil National multisectoriel pour l\u2019inclusion et la promotion des droits des personnes handicap\u00e9es.<\/p>\n<p>Ce projet de d\u00e9cret a pour objectif d\u2019activer le r\u00f4le du Conseil national multisectoriel pour les personnes handicap\u00e9es, et \u00e0 le r\u00e9organiser. C\u2019est dans ce cadre qu\u2019il pr\u00e9voit notamment :<\/p>\n<p>\u2013 La r\u00e9organisation du Conseil sous la tutelle du minist\u00e8re charg\u00e9 de l\u2019action sociale.<\/p>\n<p>\u2013 La d\u00e9finition d\u2019une composition \u00e9largie incluant les repr\u00e9sentants des d\u00e9partements minist\u00e9riels, des institutions constitutionnelles, de la soci\u00e9t\u00e9 civile ainsi que des experts.<\/p>\n<p>\u2013 L\u2019adoption de m\u00e9canismes clairs de gestion et de r\u00e9unions p\u00e9riodiques.<\/p>\n<p>L\u2019adoption de ce projet de d\u00e9cret permettra de renforcer la coordination multisectorielle et d\u2019am\u00e9liorer l\u2019efficacit\u00e9 des interventions nationales et de nos partenaires dans la mise en \u0153uvre de la Strat\u00e9gie nationale pour l\u2019inclusion et la promotion des droits des personnes handicap\u00e9es 2025-2030, garantissant ainsi une inclusion effective des personnes handicap\u00e9es dans la vie nationale et consolidant les engagements de notre pays vis-\u00e0-vis des instruments internationaux y relatifs.<\/p>\n<p>Le Ministre charg\u00e9 du Secr\u00e9tariat G\u00e9n\u00e9ral du Gouvernement a pr\u00e9sent\u00e9 une communication relative \u00e0 l\u2019\u00e9volution du portefeuille des grands march\u00e9s du 1er juillet au 31 Ao\u00fbt 2025.<\/p>\n<p>Le portefeuille est aujourd\u2019hui compos\u00e9 de 112 march\u00e9s L\u2019enveloppe globale de financement de ce portefeuille s\u2019\u00e9l\u00e8ve \u00e0 48,1 Milliards MRU r\u00e9partis dans 13 d\u00e9partements minist\u00e9riels ou assimil\u00e9s et couvrant un large \u00e9ventail de secteurs prioritaires pour le d\u00e9veloppement socio-\u00e9conomique du pays<\/p>\n<p>L\u2019avancement moyen du portefeuille \u00e0 la fin du mois d\u2019ao\u00fbt 2025 est de 58,4% avec une progression moyenne de 6,12 points en deux mois ou 3,06 points par mois.<\/p>\n<p>Globalement, l\u2019am\u00e9lioration de la cadence d\u2019ex\u00e9cution des grands march\u00e9s constat\u00e9e lors de la derni\u00e8re communication semble s\u2019inscrire dans la dur\u00e9e malgr\u00e9 la l\u00e9g\u00e8re baisse du mois d\u2019Ao\u00fbt. Une baisse largement justifi\u00e9e par l\u2019hivernage qui ralentit l\u2019ex\u00e9cution de nombreux march\u00e9s, notamment dans les secteurs de l\u2019Agriculture et de l\u2019Equipement. Cette baisse a \u00e9t\u00e9 compens\u00e9e par la performance du mois de Juillet avec un avancement de 3,41 points, le plus \u00e9lev\u00e9 depuis Octobre 2024.<\/p>\n<p>En effet, depuis plusieurs mois, un travail soutenu a \u00e9t\u00e9 men\u00e9 pour lever les principaux goulots d\u2019\u00e9tranglement, Ces efforts ont produit des r\u00e9sultats significatifs : la grande majorit\u00e9 des projets ont connu une nette acc\u00e9l\u00e9ration de leur ex\u00e9cution, conduisant \u00e0 la r\u00e9ception et \u00e0 la mise en service de nombreux ouvrages, et ouvrant la voie au lancement de nouveaux projets strat\u00e9giques.<\/p>\n<p>Le Programme Prioritaire de D\u00e9veloppement de la Ville de Nouakchott (PPDV_NKC) lanc\u00e9 le 20 janvier 2025 pr\u00e9sente, au 30 Aout 2025, un avancement de 50% pour un d\u00e9lai consomm\u00e9 \u00e0 44%. L\u2019\u00e9volution sur les mois de juillet et ao\u00fbt 2025 est de respectivement 8,9 et 7,3 points, soit 16,2 points<\/p>\n<p>Le Ministre des Affaires Etrang\u00e8res, de la Coop\u00e9ration Africaine et des Mauritaniens de l\u2019Ext\u00e9rieur a pr\u00e9sent\u00e9 une communication relative \u00e0 la situation internationale.<\/p>\n<p>Le Ministre de l\u2019Int\u00e9rieur, de la Promotion de la D\u00e9centralisation et du D\u00e9veloppement Local a pr\u00e9sent\u00e9 une communication relative \u00e0 la situation int\u00e9rieure.<\/p>\n<p>Le Ministre de l\u2019Agriculture et de la Souverainet\u00e9 Alimentaire a pr\u00e9sent\u00e9 une communication relative \u00e0 l\u2019\u00e9volution de la situation acridienne en Mauritanie (mai \u2013 septembre 2025).<\/p>\n<p>Cette communication vise \u00e0 informer le Gouvernement de la situation concernant le criquet p\u00e8lerin et du d\u00e9but de la r\u00e9surgence acridienne que connait notre pays. Il passe en revue les mesures prises, les perspectives et les mesures \u00e0 prendre.<\/p>\n<p>Enfin, le Conseil a pris les mesures individuelles suivantes :<\/p>\n<p>Minist\u00e8re de l\u2019Education et de la R\u00e9forme du Syst\u00e8me d\u2019Enseignement<\/p>\n<p>Cabinet du Ministre<\/p>\n<p>\u2013 Charg\u00e9 de mission : Mohamed Vall Mohamed Tfeil, Inspecteur de l\u2019Enseignement Secondaire.<\/p>\n<p>\u2013 Conseiller charg\u00e9 de l\u2019Orientation : Saidou Hamadi Athi\u00e9, Professeur de l\u2019Enseignement Secondaire.<\/p>\n<p>\u2013 Pr\u00e9sident de la Commission de Passation des March\u00e9s Publics : Salka Hamada Soueina.<\/p>\n<p>Direction G\u00e9n\u00e9rale de l\u2019Enseignement<\/p>\n<p>\u2013 Directeur G\u00e9n\u00e9ral : Oumar Soumar\u00e9, pr\u00e9c\u00e9demment Conseiller charg\u00e9 de l\u2019Orientation.<\/p>\n<p>Direction du Patrimoine et de l\u2019Entretien<\/p>\n<p>\u2013 Directeur : Alhousseine Bokar Sy, Ing\u00e9nieur<\/p>\n<p>Direction de l\u2019Enseignement Priv\u00e9<\/p>\n<p>\u2013 Directeur : Issa Beibat, pr\u00e9c\u00e9demment Directeur de la Coordination des Directions R\u00e9gionale<\/p>\n<p>Direction de la Coordination des Directions R\u00e9gionales<\/p>\n<p>\u2013 Directeur : Ahmed Mahfoudh, pr\u00e9c\u00e9demment Directeur de l\u2019Enseignement Priv\u00e9<\/p>\n<p>Direction Administrative et Financi\u00e8re<\/p>\n<p>\u2013 Directeur : Tourad El Moctar Abdel Barka, pr\u00e9c\u00e9demment Directeur de l\u2019\u00c9cole de Formation professionnelle d\u2019Aioun<\/p>\n<p>\u2013 Directeur Adjoint: Cheikh Ahmed Cheikh Ahmed<\/p>\n<p>Minist\u00e8re de la P\u00eache, des Infrastructures Maritimes et Portuaires<\/p>\n<p>Etablissement Publics<\/p>\n<p>Chantiers Navals de Mauritanie<\/p>\n<p>\u2013 Directeur G\u00e9n\u00e9ral : Bezeid El Hassane, Ing\u00e9nieur<br \/>\nAmi<\/p>\n","protected":false},"excerpt":{"rendered":"<p>Le Conseil des Ministres s\u2019est r\u00e9uni le Mercredi 10 septembre 2025, sous la Pr\u00e9sidence de Son Excellence Monsieur Mohamed OULD CHEIKH EL-GHAZOUANI, Pr\u00e9sident de la R\u00e9publique. Le Conseil a examin\u00e9 et adopt\u00e9 les projets de d\u00e9crets suivants : \u2013 Projet de d\u00e9cret portant cr\u00e9ation d\u2019un fonds d\u2019appui au logement des enseignants. Ce projet de d\u00e9cret &hellip;<\/p>\n","protected":false},"author":2,"featured_media":18056,"comment_status":"open","ping_status":"open","sticky":false,"template":"","format":"standard","meta":{"footnotes":""},"categories":[18,31],"tags":[],"class_list":["post-18055","post","type-post","status-publish","format-standard","has-post-thumbnail","hentry","category-actualites","category-politique-et-reportages"],"_links":{"self":[{"href":"https:\/\/ladepeche.mr\/index.php?rest_route=\/wp\/v2\/posts\/18055","targetHints":{"allow":["GET"]}}],"collection":[{"href":"https:\/\/ladepeche.mr\/index.php?rest_route=\/wp\/v2\/posts"}],"about":[{"href":"https:\/\/ladepeche.mr\/index.php?rest_route=\/wp\/v2\/types\/post"}],"author":[{"embeddable":true,"href":"https:\/\/ladepeche.mr\/index.php?rest_route=\/wp\/v2\/users\/2"}],"replies":[{"embeddable":true,"href":"https:\/\/ladepeche.mr\/index.php?rest_route=%2Fwp%2Fv2%2Fcomments&post=18055"}],"version-history":[{"count":1,"href":"https:\/\/ladepeche.mr\/index.php?rest_route=\/wp\/v2\/posts\/18055\/revisions"}],"predecessor-version":[{"id":18057,"href":"https:\/\/ladepeche.mr\/index.php?rest_route=\/wp\/v2\/posts\/18055\/revisions\/18057"}],"wp:featuredmedia":[{"embeddable":true,"href":"https:\/\/ladepeche.mr\/index.php?rest_route=\/wp\/v2\/media\/18056"}],"wp:attachment":[{"href":"https:\/\/ladepeche.mr\/index.php?rest_route=%2Fwp%2Fv2%2Fmedia&parent=18055"}],"wp:term":[{"taxonomy":"category","embeddable":true,"href":"https:\/\/ladepeche.mr\/index.php?rest_route=%2Fwp%2Fv2%2Fcategories&post=18055"},{"taxonomy":"post_tag","embeddable":true,"href":"https:\/\/ladepeche.mr\/index.php?rest_route=%2Fwp%2Fv2%2Ftags&post=18055"}],"curies":[{"name":"wp","href":"https:\/\/api.w.org\/{rel}","templated":true}]}}