{"id":18058,"date":"2025-09-10T20:31:01","date_gmt":"2025-09-10T20:31:01","guid":{"rendered":"https:\/\/ladepeche.mr\/?p=18058"},"modified":"2025-09-10T20:31:01","modified_gmt":"2025-09-10T20:31:01","slug":"nomination-de-gouverneurs-adjoints-a-la-banque-centrale-de-mauritanie","status":"publish","type":"post","link":"https:\/\/ladepeche.mr\/?p=18058","title":{"rendered":"Nomination de gouverneurs adjoints \u00e0 la Banque Centrale de Mauritanie"},"content":{"rendered":"<p>La Pr\u00e9sidence de la R\u00e9publique a annonc\u00e9 que, par d\u00e9cret publi\u00e9 ce mercredi, Mme Aminata Kane et M. Mohamed Salem Hemody ont \u00e9t\u00e9 nomm\u00e9s gouverneurs adjoints de la Banque Centrale de Mauritanie.<br \/>\nAmi<\/p>\n","protected":false},"excerpt":{"rendered":"<p>La Pr\u00e9sidence de la R\u00e9publique a annonc\u00e9 que, par d\u00e9cret publi\u00e9 ce mercredi, Mme Aminata Kane et M. Mohamed Salem Hemody ont \u00e9t\u00e9 nomm\u00e9s gouverneurs adjoints de la Banque Centrale de Mauritanie. Ami<\/p>\n","protected":false},"author":2,"featured_media":18059,"comment_status":"open","ping_status":"open","sticky":false,"template":"","format":"standard","meta":{"footnotes":""},"categories":[18,2],"tags":[],"class_list":["post-18058","post","type-post","status-publish","format-standard","has-post-thumbnail","hentry","category-actualites","category-economie"],"_links":{"self":[{"href":"https:\/\/ladepeche.mr\/index.php?rest_route=\/wp\/v2\/posts\/18058","targetHints":{"allow":["GET"]}}],"collection":[{"href":"https:\/\/ladepeche.mr\/index.php?rest_route=\/wp\/v2\/posts"}],"about":[{"href":"https:\/\/ladepeche.mr\/index.php?rest_route=\/wp\/v2\/types\/post"}],"author":[{"embeddable":true,"href":"https:\/\/ladepeche.mr\/index.php?rest_route=\/wp\/v2\/users\/2"}],"replies":[{"embeddable":true,"href":"https:\/\/ladepeche.mr\/index.php?rest_route=%2Fwp%2Fv2%2Fcomments&post=18058"}],"version-history":[{"count":1,"href":"https:\/\/ladepeche.mr\/index.php?rest_route=\/wp\/v2\/posts\/18058\/revisions"}],"predecessor-version":[{"id":18060,"href":"https:\/\/ladepeche.mr\/index.php?rest_route=\/wp\/v2\/posts\/18058\/revisions\/18060"}],"wp:featuredmedia":[{"embeddable":true,"href":"https:\/\/ladepeche.mr\/index.php?rest_route=\/wp\/v2\/media\/18059"}],"wp:attachment":[{"href":"https:\/\/ladepeche.mr\/index.php?rest_route=%2Fwp%2Fv2%2Fmedia&parent=18058"}],"wp:term":[{"taxonomy":"category","embeddable":true,"href":"https:\/\/ladepeche.mr\/index.php?rest_route=%2Fwp%2Fv2%2Fcategories&post=18058"},{"taxonomy":"post_tag","embeddable":true,"href":"https:\/\/ladepeche.mr\/index.php?rest_route=%2Fwp%2Fv2%2Ftags&post=18058"}],"curies":[{"name":"wp","href":"https:\/\/api.w.org\/{rel}","templated":true}]}}