{"id":18066,"date":"2025-09-11T18:13:27","date_gmt":"2025-09-11T18:13:27","guid":{"rendered":"https:\/\/ladepeche.mr\/?p=18066"},"modified":"2025-09-11T18:13:27","modified_gmt":"2025-09-11T18:13:27","slug":"reunion-gouvernementale-de-haut-niveau-consacree-aux-mecanismes-de-financement-du-secteur-agricole-en-mauritanie","status":"publish","type":"post","link":"https:\/\/ladepeche.mr\/?p=18066","title":{"rendered":"R\u00e9union gouvernementale de haut niveau consacr\u00e9e aux m\u00e9canismes de financement du secteur agricole en Mauritanie"},"content":{"rendered":"<p>Son Excellence le ministre de l\u2019\u00c9conomie et des Finances, M. Sid\u2019Ahmed Ould Bouh, a pr\u00e9sid\u00e9, ce jeudi au si\u00e8ge du Minist\u00e8re, une r\u00e9union regroupant de hauts responsables et des acteurs \u00e9conomiques, consacr\u00e9e \u00e0 l\u2019examen des m\u00e9canismes de financement du secteur agricole.<\/p>\n<p>Ont pris part \u00e0 la rencontre le ministre de l\u2019Agriculture et de la Souverainet\u00e9 alimentaire, M. Memma Beibatta, le gouverneur de la Banque centrale de Mauritanie, M. Mohamed Lemine Ould Dhehbi, le pr\u00e9sident de l\u2019Union nationale du Patronat mauritanien, M. Zein El Abidine Ould Cheikh Ahmed, ainsi que des pr\u00e9sidents des f\u00e9d\u00e9rations agricoles et des directeurs des banques nationales.<\/p>\n<p>Les travaux ont port\u00e9 sur la pr\u00e9sentation des r\u00e9sultats pr\u00e9liminaires de l\u2019\u00e9tude en cours sur le financement du secteur agricole. Ce fut l\u2019occasion de lancer le processus de concertation autour des propositions destin\u00e9es \u00e0 enrichir les travaux du comit\u00e9 minist\u00e9riel pr\u00e9sid\u00e9 par le Premier ministre, M. Mokhtar Ould Djay, en pr\u00e9lude \u00e0 la prise de d\u00e9cisions appropri\u00e9es dans ce domaine strat\u00e9gique.<\/p>\n<p>Dans son intervention, le ministre de l\u2019\u00c9conomie et des Finances a soulign\u00e9 que la r\u00e9union intervient \u00e0 un moment d\u00e9cisif, co\u00efncidant avec le lancement de la troisi\u00e8me phase du Plan national de strat\u00e9gie de croissance acc\u00e9l\u00e9r\u00e9e et de prosp\u00e9rit\u00e9 partag\u00e9e 2026-2030, dans laquelle l\u2019agriculture occupe une place centrale.<\/p>\n<p>Il a relev\u00e9 que la r\u00e9ussite des mesures envisag\u00e9es repose sur plusieurs facteurs d\u00e9terminants, au premier rang desquels la forte volont\u00e9 politique incarn\u00e9e par l\u2019attention constante que porte Son Excellence le Pr\u00e9sident de la R\u00e9publique, Monsieur Mohamed Ould Cheikh El Ghazouani, au d\u00e9veloppement du secteur agricole. Il a \u00e9galement insist\u00e9 sur l\u2019importance de tirer parti des atouts existants, notamment les terres disponibles, les ressources en eau et le potentiel humain.<\/p>\n<p>Le ministre a par ailleurs rappel\u00e9 que les principaux d\u00e9fis r\u00e9sident dans la mise en place d\u2019un m\u00e9canisme de financement efficace, durable et viable. Il a insist\u00e9 sur la n\u00e9cessit\u00e9 de traiter la probl\u00e9matique des risques \u00e9lev\u00e9s, d\u2019am\u00e9liorer la rotation des fonds gr\u00e2ce au pr\u00e9financement des campagnes agricoles et au recouvrement des investissements consentis, ainsi que de r\u00e9duire les cr\u00e9ances compromises, afin de garantir une r\u00e9partition efficiente des ressources.<\/p>\n<p>Pour sa part, le ministre de l\u2019Agriculture a indiqu\u00e9 que l\u2019objectif de cette r\u00e9union est de d\u00e9gager une vision claire du financement agricole, \u00e0 travers l\u2019implication de l\u2019ensemble des acteurs \u00e9conomiques et des agriculteurs dans la discussion de l\u2019\u00e9tude et l\u2019apport de propositions constructives.<\/p>\n<p>Le gouverneur de la Banque centrale a quant \u00e0 lui estim\u00e9 que la probl\u00e9matique du financement est indissociable d\u2019autres d\u00e9fis relatifs \u00e0 la pr\u00e9paration des conditions de production, aux garanties, aux march\u00e9s, \u00e0 l\u2019assurance et \u00e0 la gestion des ressources hydriques. Il a soulign\u00e9 que l\u2019atteinte d\u2019une rentabilit\u00e9 durable requiert un financement public et une intervention de l\u2019\u00c9tat en mati\u00e8re d\u2019assurance contre les sinistres agricoles.<\/p>\n<p>De son c\u00f4t\u00e9, le pr\u00e9sident de l\u2019Union nationale du patronat a rappel\u00e9 que le secteur agricole a r\u00e9alis\u00e9 des avanc\u00e9es notables, avec l\u2019atteinte de l\u2019autosuffisance en riz et en l\u00e9gumes en r\u00e9ponse \u00e0 l\u2019appel lanc\u00e9 en 2022 par le Pr\u00e9sident de la R\u00e9publique. Il a pr\u00e9cis\u00e9 que 40 % des besoins alimentaires du pays sont d\u00e9sormais couverts, et qu\u2019une capacit\u00e9 de stockage de l\u2019ordre de 14 000 tonnes sera disponible au cours de l\u2019ann\u00e9e en cours.<\/p>\n<p>Au terme de la r\u00e9union, un comit\u00e9 restreint a \u00e9t\u00e9 charg\u00e9 de centraliser les observations et recommandations des diff\u00e9rentes parties prenantes sur le rapport d\u2019\u00e9tude et d\u2019\u00e9laborer un document de travail \u00e0 soumettre au comit\u00e9 minist\u00e9riel charg\u00e9 du financement du secteur agricole, en vue de son.<br \/>\nSource MEF<\/p>\n","protected":false},"excerpt":{"rendered":"<p>Son Excellence le ministre de l\u2019\u00c9conomie et des Finances, M. Sid\u2019Ahmed Ould Bouh, a pr\u00e9sid\u00e9, ce jeudi au si\u00e8ge du Minist\u00e8re, une r\u00e9union regroupant de hauts responsables et des acteurs \u00e9conomiques, consacr\u00e9e \u00e0 l\u2019examen des m\u00e9canismes de financement du secteur agricole. Ont pris part \u00e0 la rencontre le ministre de l\u2019Agriculture et de la Souverainet\u00e9 &hellip;<\/p>\n","protected":false},"author":2,"featured_media":18062,"comment_status":"open","ping_status":"open","sticky":false,"template":"","format":"standard","meta":{"footnotes":""},"categories":[18,2],"tags":[],"class_list":["post-18066","post","type-post","status-publish","format-standard","has-post-thumbnail","hentry","category-actualites","category-economie"],"_links":{"self":[{"href":"https:\/\/ladepeche.mr\/index.php?rest_route=\/wp\/v2\/posts\/18066","targetHints":{"allow":["GET"]}}],"collection":[{"href":"https:\/\/ladepeche.mr\/index.php?rest_route=\/wp\/v2\/posts"}],"about":[{"href":"https:\/\/ladepeche.mr\/index.php?rest_route=\/wp\/v2\/types\/post"}],"author":[{"embeddable":true,"href":"https:\/\/ladepeche.mr\/index.php?rest_route=\/wp\/v2\/users\/2"}],"replies":[{"embeddable":true,"href":"https:\/\/ladepeche.mr\/index.php?rest_route=%2Fwp%2Fv2%2Fcomments&post=18066"}],"version-history":[{"count":1,"href":"https:\/\/ladepeche.mr\/index.php?rest_route=\/wp\/v2\/posts\/18066\/revisions"}],"predecessor-version":[{"id":18067,"href":"https:\/\/ladepeche.mr\/index.php?rest_route=\/wp\/v2\/posts\/18066\/revisions\/18067"}],"wp:featuredmedia":[{"embeddable":true,"href":"https:\/\/ladepeche.mr\/index.php?rest_route=\/wp\/v2\/media\/18062"}],"wp:attachment":[{"href":"https:\/\/ladepeche.mr\/index.php?rest_route=%2Fwp%2Fv2%2Fmedia&parent=18066"}],"wp:term":[{"taxonomy":"category","embeddable":true,"href":"https:\/\/ladepeche.mr\/index.php?rest_route=%2Fwp%2Fv2%2Fcategories&post=18066"},{"taxonomy":"post_tag","embeddable":true,"href":"https:\/\/ladepeche.mr\/index.php?rest_route=%2Fwp%2Fv2%2Ftags&post=18066"}],"curies":[{"name":"wp","href":"https:\/\/api.w.org\/{rel}","templated":true}]}}