{"id":18075,"date":"2025-09-12T15:55:31","date_gmt":"2025-09-12T15:55:31","guid":{"rendered":"https:\/\/ladepeche.mr\/?p=18075"},"modified":"2025-09-12T15:56:53","modified_gmt":"2025-09-12T15:56:53","slug":"a-khattri-prone-lemancipation-des-droits-et-legalite-des-chances-par-la-promotion-economique","status":"publish","type":"post","link":"https:\/\/ladepeche.mr\/?p=18075","title":{"rendered":"A Khattri pr\u00f4ne l\u2019\u00e9mancipation des droits et l\u2019\u00e9galit\u00e9 des chances par la promotion \u00e9conomique"},"content":{"rendered":"<p>Lors d\u2019un d\u00eener d&#8217;affaires organis\u00e9 en partenariat entre l\u2019Organisation des Employeurs Alg\u00e9riens et la soci\u00e9t\u00e9 Najm Mauritanie SARL, le dirigeant de l&#8217;entreprise, Ahmed Khattri, par ailleurs fondateur de l\u2019Ong \u00ab\u00a0Alavia Monka\u00a0\u00bb, a appel\u00e9 \u00e0 promouvoir les droits humains et l\u2019\u00e9galit\u00e9 \u00e0 travers l\u2019\u00e9mancipation \u00e9conomique.<br \/>\nDans son discours, prononc\u00e9 devant une d\u00e9l\u00e9gation mauritanienne de haut niveau et plusieurs acteurs \u00e9conomiques alg\u00e9riens, M. Khattri a mis en avant les atouts \u00e9conomiques de la Mauritanie, soulignant son potentiel d\u2019attractivit\u00e9 pour les investisseurs \u00e9trangers. Il a \u00e9galement encourag\u00e9 les entrepreneurs alg\u00e9riens \u00e0 explorer les opportunit\u00e9s offertes par le march\u00e9 mauritanien.<br \/>\n\u00ab Il est du devoir patriotique de chaque citoyen de faire valoir les forces de son pays \u00e0 l\u2019international \u00bb, a-t-il d\u00e9clar\u00e9, ajoutant que le d\u00e9veloppement \u00e9conomique constitue un levier essentiel pour r\u00e9duire les in\u00e9galit\u00e9s sociales.<br \/>\nCritiquant au passage certains discours politiques jug\u00e9s d\u00e9nigrants \u00e0 l\u2019\u00e9gard du pays \u00e0 l\u2019\u00e9tranger, Khattri a affirm\u00e9 que ces r\u00e9cits \u00ab bas\u00e9s sur des contrev\u00e9rit\u00e9s \u00bb nuisent \u00e0 l\u2019image nationale et alimentent des divisions inutiles.<br \/>\nL\u2019\u00e9v\u00e9nement s\u2019est inscrit dans une dynamique de renforcement des relations \u00e9conomiques entre la Mauritanie et l\u2019Alg\u00e9rie, avec pour ambition de stimuler les \u00e9changes et les investissements bilat\u00e9raux.<\/p>\n","protected":false},"excerpt":{"rendered":"<p>Lors d\u2019un d\u00eener d&#8217;affaires organis\u00e9 en partenariat entre l\u2019Organisation des Employeurs Alg\u00e9riens et la soci\u00e9t\u00e9 Najm Mauritanie SARL, le dirigeant de l&#8217;entreprise, Ahmed Khattri, par ailleurs fondateur de l\u2019Ong \u00ab\u00a0Alavia Monka\u00a0\u00bb, a appel\u00e9 \u00e0 promouvoir les droits humains et l\u2019\u00e9galit\u00e9 \u00e0 travers l\u2019\u00e9mancipation \u00e9conomique. Dans son discours, prononc\u00e9 devant une d\u00e9l\u00e9gation mauritanienne de haut niveau &hellip;<\/p>\n","protected":false},"author":2,"featured_media":18076,"comment_status":"open","ping_status":"open","sticky":false,"template":"","format":"standard","meta":{"footnotes":""},"categories":[1],"tags":[],"class_list":["post-18075","post","type-post","status-publish","format-standard","has-post-thumbnail","hentry","category-uncategorized"],"_links":{"self":[{"href":"https:\/\/ladepeche.mr\/index.php?rest_route=\/wp\/v2\/posts\/18075","targetHints":{"allow":["GET"]}}],"collection":[{"href":"https:\/\/ladepeche.mr\/index.php?rest_route=\/wp\/v2\/posts"}],"about":[{"href":"https:\/\/ladepeche.mr\/index.php?rest_route=\/wp\/v2\/types\/post"}],"author":[{"embeddable":true,"href":"https:\/\/ladepeche.mr\/index.php?rest_route=\/wp\/v2\/users\/2"}],"replies":[{"embeddable":true,"href":"https:\/\/ladepeche.mr\/index.php?rest_route=%2Fwp%2Fv2%2Fcomments&post=18075"}],"version-history":[{"count":1,"href":"https:\/\/ladepeche.mr\/index.php?rest_route=\/wp\/v2\/posts\/18075\/revisions"}],"predecessor-version":[{"id":18077,"href":"https:\/\/ladepeche.mr\/index.php?rest_route=\/wp\/v2\/posts\/18075\/revisions\/18077"}],"wp:featuredmedia":[{"embeddable":true,"href":"https:\/\/ladepeche.mr\/index.php?rest_route=\/wp\/v2\/media\/18076"}],"wp:attachment":[{"href":"https:\/\/ladepeche.mr\/index.php?rest_route=%2Fwp%2Fv2%2Fmedia&parent=18075"}],"wp:term":[{"taxonomy":"category","embeddable":true,"href":"https:\/\/ladepeche.mr\/index.php?rest_route=%2Fwp%2Fv2%2Fcategories&post=18075"},{"taxonomy":"post_tag","embeddable":true,"href":"https:\/\/ladepeche.mr\/index.php?rest_route=%2Fwp%2Fv2%2Ftags&post=18075"}],"curies":[{"name":"wp","href":"https:\/\/api.w.org\/{rel}","templated":true}]}}