{"id":18082,"date":"2025-09-12T16:37:40","date_gmt":"2025-09-12T16:37:40","guid":{"rendered":"https:\/\/ladepeche.mr\/?p=18082"},"modified":"2025-09-12T16:39:53","modified_gmt":"2025-09-12T16:39:53","slug":"allegations-de-taux-eleve-dimposition-des-particuliers-dementi-de-dgi","status":"publish","type":"post","link":"https:\/\/ladepeche.mr\/?p=18082","title":{"rendered":"All\u00e9gations de taux \u00e9lev\u00e9 d\u2019imposition des particuliers: D\u00e9menti de DGI"},"content":{"rendered":"<p>La Direction G\u00e9n\u00e9rale des Imp\u00f4ts du Minist\u00e8re de l\u2019\u00c9conomie et des Finances a publi\u00e9 un communiqu\u00e9 r\u00e9futant les all\u00e9gations \u00e9voquant un taux \u00e9lev\u00e9 d\u2019imposition sur les revenus des particuliers, affirmant que ces all\u00e9gations sont inexactes et d\u00e9nu\u00e9es de fondement r\u00e9el.<br \/>\nDans son communiqu\u00e9 de presse, la Direction a pr\u00e9cis\u00e9 que le syst\u00e8me fiscal mauritanien applique des taux d\u2019imposition progressifs et \u00e9quitables, avec un taux moyen d\u2019imposition dans le r\u00e9gime quasi-dual de 15,8 %, loin des taux \u00e9lev\u00e9s relay\u00e9s par certaines d\u00e9clarations.<br \/>\nLa Direction a appel\u00e9 les citoyens \u00e0 v\u00e9rifier la fiabilit\u00e9 de leurs sources avant de diffuser toute information fiscale, et \u00e0 se r\u00e9f\u00e9rer aux textes en vigueur afin d\u2019\u00e9viter la diffusion d\u2019informations trompeuses.<\/p>\n","protected":false},"excerpt":{"rendered":"<p>La Direction G\u00e9n\u00e9rale des Imp\u00f4ts du Minist\u00e8re de l\u2019\u00c9conomie et des Finances a publi\u00e9 un communiqu\u00e9 r\u00e9futant les all\u00e9gations \u00e9voquant un taux \u00e9lev\u00e9 d\u2019imposition sur les revenus des particuliers, affirmant que ces all\u00e9gations sont inexactes et d\u00e9nu\u00e9es de fondement r\u00e9el. Dans son communiqu\u00e9 de presse, la Direction a pr\u00e9cis\u00e9 que le syst\u00e8me fiscal mauritanien applique &hellip;<\/p>\n","protected":false},"author":2,"featured_media":18086,"comment_status":"open","ping_status":"open","sticky":false,"template":"","format":"standard","meta":{"footnotes":""},"categories":[18,2],"tags":[],"class_list":["post-18082","post","type-post","status-publish","format-standard","has-post-thumbnail","hentry","category-actualites","category-economie"],"_links":{"self":[{"href":"https:\/\/ladepeche.mr\/index.php?rest_route=\/wp\/v2\/posts\/18082","targetHints":{"allow":["GET"]}}],"collection":[{"href":"https:\/\/ladepeche.mr\/index.php?rest_route=\/wp\/v2\/posts"}],"about":[{"href":"https:\/\/ladepeche.mr\/index.php?rest_route=\/wp\/v2\/types\/post"}],"author":[{"embeddable":true,"href":"https:\/\/ladepeche.mr\/index.php?rest_route=\/wp\/v2\/users\/2"}],"replies":[{"embeddable":true,"href":"https:\/\/ladepeche.mr\/index.php?rest_route=%2Fwp%2Fv2%2Fcomments&post=18082"}],"version-history":[{"count":1,"href":"https:\/\/ladepeche.mr\/index.php?rest_route=\/wp\/v2\/posts\/18082\/revisions"}],"predecessor-version":[{"id":18085,"href":"https:\/\/ladepeche.mr\/index.php?rest_route=\/wp\/v2\/posts\/18082\/revisions\/18085"}],"wp:featuredmedia":[{"embeddable":true,"href":"https:\/\/ladepeche.mr\/index.php?rest_route=\/wp\/v2\/media\/18086"}],"wp:attachment":[{"href":"https:\/\/ladepeche.mr\/index.php?rest_route=%2Fwp%2Fv2%2Fmedia&parent=18082"}],"wp:term":[{"taxonomy":"category","embeddable":true,"href":"https:\/\/ladepeche.mr\/index.php?rest_route=%2Fwp%2Fv2%2Fcategories&post=18082"},{"taxonomy":"post_tag","embeddable":true,"href":"https:\/\/ladepeche.mr\/index.php?rest_route=%2Fwp%2Fv2%2Ftags&post=18082"}],"curies":[{"name":"wp","href":"https:\/\/api.w.org\/{rel}","templated":true}]}}