{"id":18087,"date":"2025-09-12T18:18:32","date_gmt":"2025-09-12T18:18:32","guid":{"rendered":"https:\/\/ladepeche.mr\/?p=18087"},"modified":"2025-09-12T18:18:32","modified_gmt":"2025-09-12T18:18:32","slug":"migrations-le-rapporteur-special-des-nu-loue-les-efforts-consentis-par-les-autorites","status":"publish","type":"post","link":"https:\/\/ladepeche.mr\/?p=18087","title":{"rendered":"Migrations: le Rapporteur sp\u00e9cial des NU loue les efforts consentis par les autorit\u00e9s"},"content":{"rendered":"<p>En visite officielle en Mauritanie, le Rapporteur sp\u00e9cial des Nations Unies sur les droits de l\u2019homme des migrants, Gehad Madi, a salu\u00e9 les efforts du gouvernement en mati\u00e8re de gestion migratoire, tout en recommandant des am\u00e9liorations concernant les expulsions collectives.<br \/>\nL\u2019expert onusien qui a s\u00e9journ\u00e9 plusieurs jours en Mauritanie et rencontr\u00e9 les institutions sp\u00e9cialis\u00e9es ainsi que les hautes autorit\u00e9s du pays, a notamment f\u00e9licit\u00e9 les autorit\u00e9s pour les lois adopt\u00e9es contre la traite et le trafic de migrants, la mise en place de centres d\u2019accueil, ainsi que le renforcement des op\u00e9rations de recherche et de sauvetage en mer.<br \/>\nL\u2019un des derniers bilans de la lutte contre la migration ill\u00e9gale fait \u00e9tat de plus de 30 000 migrants ill\u00e9gaux intercept\u00e9s et 88 r\u00e9seaux de passeurs d\u00e9mantel\u00e9s.<br \/>\nGehad Madi recommande l\u2019adoption d\u2019une loi nationale sur l\u2019asile, la fin des expulsions collectives au profit d\u2019\u00e9valuations individuelles, de meilleures conditions de d\u00e9tention, des proc\u00e9dures de s\u00e9jour simplifi\u00e9es, une formation accrue des forces de s\u00e9curit\u00e9 aux droits humains, et la cr\u00e9ation de m\u00e9canismes de contr\u00f4le ind\u00e9pendants.<br \/>\nLe Rapporteur sp\u00e9cial a soulign\u00e9 l\u2019importance d\u2019un appui international, notamment via l\u2019OIM, le HCR et les ONG locales, pour accompagner la Mauritanie dans ses efforts.<br \/>\nIl s\u2019est dit pr\u00eat \u00e0 poursuivre le dialogue avec les autorit\u00e9s et les partenaires afin de soutenir les r\u00e9formes en cours.<\/p>\n","protected":false},"excerpt":{"rendered":"<p>En visite officielle en Mauritanie, le Rapporteur sp\u00e9cial des Nations Unies sur les droits de l\u2019homme des migrants, Gehad Madi, a salu\u00e9 les efforts du gouvernement en mati\u00e8re de gestion migratoire, tout en recommandant des am\u00e9liorations concernant les expulsions collectives. L\u2019expert onusien qui a s\u00e9journ\u00e9 plusieurs jours en Mauritanie et rencontr\u00e9 les institutions sp\u00e9cialis\u00e9es ainsi &hellip;<\/p>\n","protected":false},"author":2,"featured_media":18088,"comment_status":"open","ping_status":"open","sticky":false,"template":"","format":"standard","meta":{"footnotes":""},"categories":[18],"tags":[],"class_list":["post-18087","post","type-post","status-publish","format-standard","has-post-thumbnail","hentry","category-actualites"],"_links":{"self":[{"href":"https:\/\/ladepeche.mr\/index.php?rest_route=\/wp\/v2\/posts\/18087","targetHints":{"allow":["GET"]}}],"collection":[{"href":"https:\/\/ladepeche.mr\/index.php?rest_route=\/wp\/v2\/posts"}],"about":[{"href":"https:\/\/ladepeche.mr\/index.php?rest_route=\/wp\/v2\/types\/post"}],"author":[{"embeddable":true,"href":"https:\/\/ladepeche.mr\/index.php?rest_route=\/wp\/v2\/users\/2"}],"replies":[{"embeddable":true,"href":"https:\/\/ladepeche.mr\/index.php?rest_route=%2Fwp%2Fv2%2Fcomments&post=18087"}],"version-history":[{"count":3,"href":"https:\/\/ladepeche.mr\/index.php?rest_route=\/wp\/v2\/posts\/18087\/revisions"}],"predecessor-version":[{"id":18091,"href":"https:\/\/ladepeche.mr\/index.php?rest_route=\/wp\/v2\/posts\/18087\/revisions\/18091"}],"wp:featuredmedia":[{"embeddable":true,"href":"https:\/\/ladepeche.mr\/index.php?rest_route=\/wp\/v2\/media\/18088"}],"wp:attachment":[{"href":"https:\/\/ladepeche.mr\/index.php?rest_route=%2Fwp%2Fv2%2Fmedia&parent=18087"}],"wp:term":[{"taxonomy":"category","embeddable":true,"href":"https:\/\/ladepeche.mr\/index.php?rest_route=%2Fwp%2Fv2%2Fcategories&post=18087"},{"taxonomy":"post_tag","embeddable":true,"href":"https:\/\/ladepeche.mr\/index.php?rest_route=%2Fwp%2Fv2%2Ftags&post=18087"}],"curies":[{"name":"wp","href":"https:\/\/api.w.org\/{rel}","templated":true}]}}