{"id":1809,"date":"2022-09-06T21:01:50","date_gmt":"2022-09-06T21:01:50","guid":{"rendered":"https:\/\/ladepeche.mr\/?p=1809"},"modified":"2022-09-06T21:01:50","modified_gmt":"2022-09-06T21:01:50","slug":"remaniement-ministeriel-partiel-mohamed-malainine-eyih-nanni-chrougha-cheikh-el-kebir-et-les-autres","status":"publish","type":"post","link":"https:\/\/ladepeche.mr\/?p=1809","title":{"rendered":"Remaniement minist\u00e9riel partiel\u00a0: Mohamed Malainine Eyih, Nanni Chrougha, Cheikh El Kebir et les autres!"},"content":{"rendered":"<p>Depuis la composition du dernier gouvernement annonc\u00e9 il y a cinq mois (avril 2022), le gouvernement n\u2019a jamais v\u00e9ritablement sorti la t\u00eate de l\u2019eau ; c\u2019est surtout vrai avec les inondations v\u00e9cues r\u00e9cemment malgr\u00e9 les efforts consentis par l\u2019Etat. Le gouvernement s&#8217;\u00e9tait aussi emp\u00eatr\u00e9 dans la d\u00e9couverte de malversations d&#8217;une ampleur insoup\u00e7onn\u00e9e r\u00e9v\u00e9l\u00e9es officiellement par l\u2019Inspection G\u00e9n\u00e9rale de l\u2019Etat, accul\u00e9e par l\u2019\u00e9bruitement d\u2019un rapport sur cette question. Le gouvernement ind\u00e9finiment sursitaire et dont les ministres d\u00e9mis aujourd\u2019hui ne sont pas des moins efficaces continue de naviguer \u00e0 vue. La montagne n\u2019a -pour ainsi dire- accouch\u00e9 que d\u2019une souris.<\/p>\n<p>Le remaniement partiel apport\u00e9 au gouvernement quoiqu\u2019attendu avec le bilan mitig\u00e9 dans l\u2019action du gouvernement semble sous-tendu par certains desideratas \u00e0 un changement de t\u00eates ; tout simplement. \u00a0Au premier chef de ces objectifs pourrait \u00eatre la &#8220;lib\u00e9ration&#8221; de Ould Eyih pour vaquer \u00e0 la mise en place d&#8217;une formation politique qui tienne la route apr\u00e8s avoir cr\u00e9e le parti &#8220;El Insaf&#8221;. Le second objectif pourrait \u00eatre aussi une tentative de r\u00e9habilitation de Nanni Ould Chrougha, disciple du pr\u00e9sident, convoqu\u00e9 par la CEP et pressenti comme son prochain directeur de cabinet. Il devient d\u2019ailleurs porte-parole du gouvernement dans ce dernier changement. Nanni Ould Chrougha continuera sans doute son escalade politique avec le pr\u00e9sident Ghazouani qui lui a servi de mentor sous l\u2019ancien pr\u00e9sident Mohamed Ould Abdelaziz. A moins de trainer des casseroles assourdissantes, Nanni Ould Chrougha, bon orateur, mettra sans doute toute sa verve \u00e0 d\u00e9fendre le bilan du gouvernement Ghazouani comme il l\u2019a &#8220;bruyamment&#8221; fait pour Aziz. L\u2019autre fait semble la sortie du gouvernement du Ministre de la Transition Num\u00e9rique, de l\u2019Innovation et de la Modernisation de l\u2019Administration. Cheikh El Kebir Ould Moulay Taher. Une sortie qui cr\u00e9e un d\u00e9s\u00e9quilibre de repr\u00e9sentation du Hodh Charghi au profit de l\u2019Assaba dans le gouvernement actuel. Il y a aussi le d\u00e9part de l\u2019ancien ministre de l\u2019\u00c9ducation nationale et de la R\u00e9forme du Syst\u00e8me \u00e9ducatif remplac\u00e9 par Adama Bokar Soko. Ce dernier c\u00e8de son poste de ministre de l\u2019agriculture \u00e0 Yahya Ould Waghf, sans doute trop \u00e0 l\u2019\u00e9troit au poste de ministre secr\u00e9taire g\u00e9n\u00e9ral de la pr\u00e9sidence qui avait \u00abmal \u00bb n\u00e9goci\u00e9 les derni\u00e8res assises politiques avec l\u2019opposition et la pr\u00e9sence \u00e0 cet ancien poste pourrait perturber les futures \u00abmissions \u00bb de Nanni Ould Chrougha, s\u2019il \u00e9tait \u00e9lu au poste de dircab du pr\u00e9sident.<\/p>\n<p>Mais le plus incompr\u00e9hensible semble le limogeage manu militari de l\u2019ex-ministre de la Culture, de la Jeunesse, des Sports et des Relations avec le Parlement, Khatar Ould Chebani, remplac\u00e9 par l\u2019ancien ministre du D\u00e9veloppement Animal, Mohamed Ould Sweidat. Le seul ministre v\u00e9ritablement nouveau dans ce l\u00e9ger remaniement est Niang Mamadou, nouveau ministre de l\u2019Emploi et Formation Professionnelle. Il remplace \u00e0 ce poste Lalya Ali Camara\u00a0 qui, elle-m\u00eame, succ\u00e8de \u00e0 Aichata Daouda Diallo, ex-ministre de l&#8217;environnement et du d\u00e9veloppement durable.<\/p>\n<p>&nbsp;<\/p>\n","protected":false},"excerpt":{"rendered":"<p>Depuis la composition du dernier gouvernement annonc\u00e9 il y a cinq mois (avril 2022), le gouvernement n\u2019a jamais v\u00e9ritablement sorti la t\u00eate de l\u2019eau ; c\u2019est surtout vrai avec les inondations v\u00e9cues r\u00e9cemment malgr\u00e9 les efforts consentis par l\u2019Etat. Le gouvernement s&#8217;\u00e9tait aussi emp\u00eatr\u00e9 dans la d\u00e9couverte de malversations d&#8217;une ampleur insoup\u00e7onn\u00e9e r\u00e9v\u00e9l\u00e9es officiellement par &hellip;<\/p>\n","protected":false},"author":2,"featured_media":1810,"comment_status":"open","ping_status":"open","sticky":false,"template":"","format":"standard","meta":{"footnotes":""},"categories":[18],"tags":[],"class_list":["post-1809","post","type-post","status-publish","format-standard","has-post-thumbnail","hentry","category-actualites"],"_links":{"self":[{"href":"https:\/\/ladepeche.mr\/index.php?rest_route=\/wp\/v2\/posts\/1809","targetHints":{"allow":["GET"]}}],"collection":[{"href":"https:\/\/ladepeche.mr\/index.php?rest_route=\/wp\/v2\/posts"}],"about":[{"href":"https:\/\/ladepeche.mr\/index.php?rest_route=\/wp\/v2\/types\/post"}],"author":[{"embeddable":true,"href":"https:\/\/ladepeche.mr\/index.php?rest_route=\/wp\/v2\/users\/2"}],"replies":[{"embeddable":true,"href":"https:\/\/ladepeche.mr\/index.php?rest_route=%2Fwp%2Fv2%2Fcomments&post=1809"}],"version-history":[{"count":1,"href":"https:\/\/ladepeche.mr\/index.php?rest_route=\/wp\/v2\/posts\/1809\/revisions"}],"predecessor-version":[{"id":1811,"href":"https:\/\/ladepeche.mr\/index.php?rest_route=\/wp\/v2\/posts\/1809\/revisions\/1811"}],"wp:featuredmedia":[{"embeddable":true,"href":"https:\/\/ladepeche.mr\/index.php?rest_route=\/wp\/v2\/media\/1810"}],"wp:attachment":[{"href":"https:\/\/ladepeche.mr\/index.php?rest_route=%2Fwp%2Fv2%2Fmedia&parent=1809"}],"wp:term":[{"taxonomy":"category","embeddable":true,"href":"https:\/\/ladepeche.mr\/index.php?rest_route=%2Fwp%2Fv2%2Fcategories&post=1809"},{"taxonomy":"post_tag","embeddable":true,"href":"https:\/\/ladepeche.mr\/index.php?rest_route=%2Fwp%2Fv2%2Ftags&post=1809"}],"curies":[{"name":"wp","href":"https:\/\/api.w.org\/{rel}","templated":true}]}}