{"id":18097,"date":"2025-09-12T23:22:52","date_gmt":"2025-09-12T23:22:52","guid":{"rendered":"https:\/\/ladepeche.mr\/?p=18097"},"modified":"2025-09-12T23:24:30","modified_gmt":"2025-09-12T23:24:30","slug":"18097","status":"publish","type":"post","link":"https:\/\/ladepeche.mr\/?p=18097","title":{"rendered":"Les ministres de l&#8217;\u00c9conomie et des Finances, et celui de l&#8217;\u00c9nergie et du P\u00e9trole, signent le premier contrat de partenariat public-priv\u00e9 pour la cr\u00e9ation d&#8217;une centrale hybride d&#8217;\u00e9nergie renouvelable"},"content":{"rendered":"<p>Le ministre de l\u2019\u00c9conomie et des Finances, M. Sidi Ahmed Ould Bouh, accompagn\u00e9 du ministre du P\u00e9trole et de l\u2019\u00c9nergie, Mohamed Ould Khaled, a sign\u00e9 vendredi soir \u00e0 Nouakchott un contrat avec le groupe \u00ab\u202fEwa Green Energy\u202f\u00bb sp\u00e9cialis\u00e9 dans les \u00e9nergies vertes.<br \/>\nCe contrat porte sur le financement, le d\u00e9veloppement, la construction et l\u2019exploitation d\u2019une centrale hybride de production d\u2019\u00e9nergie solaire et \u00e9olienne d\u2019une capacit\u00e9 de 60 m\u00e9gawatts. Le groupe \u00e9tait repr\u00e9sent\u00e9 \u00e0 la signature par son directeur, M. Moulay Al Arbi.<br \/>\nLe ministre de l\u2019\u00c9conomie et des Finances a pr\u00e9cis\u00e9 que ce projet constitue la premi\u00e8re exp\u00e9rience de partenariat public-priv\u00e9 dans le domaine de l\u2019\u00e9nergie en Mauritanie, et la premi\u00e8re initiative \u00e0 travers laquelle le secteur priv\u00e9 assurera la production d\u2019\u00e9lectricit\u00e9 dans le pays. Cela refl\u00e8te la confiance croissante dans l\u2019environnement d\u2019investissement national, ainsi que la volont\u00e9 du gouvernement de diversifier les sources d\u2019\u00e9nergie durables.<br \/>\nIl a ajout\u00e9 que ce projet s\u2019inscrit dans la vision du Pr\u00e9sident de la R\u00e9publique, Mohamed Ould Cheikh El Ghazouani, visant \u00e0 acc\u00e9l\u00e9rer la transition \u00e9nerg\u00e9tique, \u00e9largir la base de production nationale et r\u00e9duire les \u00e9missions de carbone.<br \/>\nCe projet permettra \u00e9galement d\u2019all\u00e9ger les charges sur les finances publiques gr\u00e2ce \u00e0 un mod\u00e8le de financement bas\u00e9 sur l\u2019investissement priv\u00e9.<br \/>\nIl a soulign\u00e9 que le contrat comprend une clause \u00ab\u202ftake or pay\u202f\u00bb (prendre ou payer), qui constitue une garantie essentielle pour les investisseurs ayant engag\u00e9 leur capital dans un projet strat\u00e9gique de cette envergure.<br \/>\nDe son c\u00f4t\u00e9, le ministre du P\u00e9trole et de l\u2019\u00c9nergie a affirm\u00e9 que cette centrale apportera une valeur ajout\u00e9e significative au r\u00e9seau \u00e9lectrique national en termes de capacit\u00e9 de production, sans alourdir la dette ext\u00e9rieure de l\u2019\u00c9tat. Il a indiqu\u00e9 que le gouvernement poursuit son effort d\u2019\u00e9largissement des partenariats avec le secteur priv\u00e9 dans le cadre de sa politique de promotion des investissements dans les \u00e9nergies renouvelables et d\u2019augmentation de la part des sources propres dans le mix \u00e9nerg\u00e9tique national.<br \/>\nCe projet devrait contribuer \u00e0 renforcer la s\u00e9curit\u00e9 \u00e9nerg\u00e9tique, stimuler l\u2019\u00e9conomie nationale et ouvrir de nouvelles perspectives pour les investissements priv\u00e9s dans un secteur strat\u00e9gique et vital.<br \/>\nSource MEF<\/p>\n<p>Traduction (original en Fran\u00e7ais)<\/p>\n","protected":false},"excerpt":{"rendered":"<p>Le ministre de l\u2019\u00c9conomie et des Finances, M. Sidi Ahmed Ould Bouh, accompagn\u00e9 du ministre du P\u00e9trole et de l\u2019\u00c9nergie, Mohamed Ould Khaled, a sign\u00e9 vendredi soir \u00e0 Nouakchott un contrat avec le groupe \u00ab\u202fEwa Green Energy\u202f\u00bb sp\u00e9cialis\u00e9 dans les \u00e9nergies vertes. Ce contrat porte sur le financement, le d\u00e9veloppement, la construction et l\u2019exploitation d\u2019une &hellip;<\/p>\n","protected":false},"author":2,"featured_media":18093,"comment_status":"open","ping_status":"open","sticky":false,"template":"","format":"standard","meta":{"footnotes":""},"categories":[18,2],"tags":[],"class_list":["post-18097","post","type-post","status-publish","format-standard","has-post-thumbnail","hentry","category-actualites","category-economie"],"_links":{"self":[{"href":"https:\/\/ladepeche.mr\/index.php?rest_route=\/wp\/v2\/posts\/18097","targetHints":{"allow":["GET"]}}],"collection":[{"href":"https:\/\/ladepeche.mr\/index.php?rest_route=\/wp\/v2\/posts"}],"about":[{"href":"https:\/\/ladepeche.mr\/index.php?rest_route=\/wp\/v2\/types\/post"}],"author":[{"embeddable":true,"href":"https:\/\/ladepeche.mr\/index.php?rest_route=\/wp\/v2\/users\/2"}],"replies":[{"embeddable":true,"href":"https:\/\/ladepeche.mr\/index.php?rest_route=%2Fwp%2Fv2%2Fcomments&post=18097"}],"version-history":[{"count":2,"href":"https:\/\/ladepeche.mr\/index.php?rest_route=\/wp\/v2\/posts\/18097\/revisions"}],"predecessor-version":[{"id":18099,"href":"https:\/\/ladepeche.mr\/index.php?rest_route=\/wp\/v2\/posts\/18097\/revisions\/18099"}],"wp:featuredmedia":[{"embeddable":true,"href":"https:\/\/ladepeche.mr\/index.php?rest_route=\/wp\/v2\/media\/18093"}],"wp:attachment":[{"href":"https:\/\/ladepeche.mr\/index.php?rest_route=%2Fwp%2Fv2%2Fmedia&parent=18097"}],"wp:term":[{"taxonomy":"category","embeddable":true,"href":"https:\/\/ladepeche.mr\/index.php?rest_route=%2Fwp%2Fv2%2Fcategories&post=18097"},{"taxonomy":"post_tag","embeddable":true,"href":"https:\/\/ladepeche.mr\/index.php?rest_route=%2Fwp%2Fv2%2Ftags&post=18097"}],"curies":[{"name":"wp","href":"https:\/\/api.w.org\/{rel}","templated":true}]}}