{"id":18100,"date":"2025-09-12T23:32:00","date_gmt":"2025-09-12T23:32:00","guid":{"rendered":"https:\/\/ladepeche.mr\/?p=18100"},"modified":"2025-09-12T23:32:00","modified_gmt":"2025-09-12T23:32:00","slug":"guerre-israel-gaza-les-eurodeputes-adoptent-une-position-commune-sur-gaza","status":"publish","type":"post","link":"https:\/\/ladepeche.mr\/?p=18100","title":{"rendered":"Guerre Isra\u00ebl-Gaza : les eurod\u00e9put\u00e9s adoptent une position commune sur Gaza"},"content":{"rendered":"<p>Les d\u00e9put\u00e9s europ\u00e9ens ont adopt\u00e9 jeudi une r\u00e9solution sur Gaza, la premi\u00e8re depuis le d\u00e9but de la l\u00e9gislature. Elle permet au Parlement europ\u00e9en de d\u00e9gager une position commune apr\u00e8s des n\u00e9gociations intenses entre les groupes politiques. La r\u00e9solution, baptis\u00e9e &#8220;Gaza au point de rupture&#8221;, a \u00e9t\u00e9 adopt\u00e9e par 305 voix pour, 151 contre et 122 abstentions.<\/p>\n<p>Les forces politiques ont n\u00e9goci\u00e9 jusqu\u2019\u00e0 la derni\u00e8re minute pour d\u00e9gager un compromis entre l\u2019aile gauche du Parlement, qui appelle \u00e0 une approche plus dure envers Isra\u00ebl et souhaitait voir figurer le terme &#8220;g\u00e9nocide&#8221; dans le texte ; et l\u2019aile droite, plus r\u00e9serv\u00e9e.<\/p>\n<p>Finalement, des concessions entre groupes ont permis \u00e0 la r\u00e9solution d\u2019\u00eatre vot\u00e9e par une majorit\u00e9 allant de La Gauche (gauche radicale) au PPE (droite conservatrice).<\/p>\n<p>Le texte appelle \u00e0 un &#8220;cessez-le-feu imm\u00e9diat et permanent&#8221; et \u00e0 la lib\u00e9ration inconditionnelle des otages isra\u00e9liens retenus \u00e0 Gaza. Il souligne que le droit d\u2019Isra\u00ebl \u00e0 se d\u00e9fendre ne saurait justifier des actions militaires indiscrimin\u00e9es \u00e0 Gaza et dans la r\u00e9gion ; et d\u00e9nonce la poursuite des op\u00e9rations militaires qui ont caus\u00e9 des &#8220;souffrances insupportables \u00e0 la population civile&#8221;.<\/p>\n<p>Les d\u00e9put\u00e9s appellent \u00e0 des sanctions contre deux ministres isra\u00e9liens, et \u00e0 une suspension du volet commercial de l\u2019accord d\u2019association entre l\u2019UE et Isra\u00ebl. Ils demandent que des mesures restrictives cibl\u00e9es, notamment le gel des avoirs et l\u2019interdiction de visa, soient appliqu\u00e9es contre des individus et entit\u00e9s &#8220;extr\u00e9mistes&#8221;. Ils s\u2019engagent par ailleurs pour la reconnaissance de l\u2019\u00c9tat palestinien, la &#8220;voie diplomatique la plus efficace pour parvenir \u00e0 la normalisation r\u00e9gionale et \u00e0 une paix durable&#8221;, selon eux.<\/p>\n<p>Les d\u00e9put\u00e9s condamnent aussi l\u2019obstruction de l\u2019aide humanitaire \u00e0 Gaza par le gouvernement isra\u00e9lien. Ils reconnaissent une famine dans le nord de Gaza, sans pr\u00e9ciser qu\u2019elle est provoqu\u00e9e par l\u2019homme comme le souhaitaient les groupes de gauche.<\/p>\n<p>Le texte ne mentionne pas directement un g\u00e9nocide, mais il prend en consid\u00e9ration l\u2019affaire pendante devant la Cour internationale de justice (CIJ) concernant l\u2019application de la Convention pour la pr\u00e9vention et la r\u00e9pression du crime de g\u00e9nocide dans la bande de Gaza (Afrique du Sud c. Isra\u00ebl).<\/p>\n<p>La r\u00e9solution souligne en outre que le r\u00e9gime iranien repr\u00e9sente toujours une menace pour la s\u00e9curit\u00e9 d\u2019Isra\u00ebl, tout en rappelant que ce dernier conserve le droit de prendre &#8220;toutes les mesures&#8221; qu\u2019il juge n\u00e9cessaires. La d\u00e9put\u00e9e belge Hilde Vautmans (Open Vld, Renew), nomm\u00e9e n\u00e9gociatrice en cheffe pour le Parlement europ\u00e9en dans ce dossier, a r\u00e9sum\u00e9 :<\/p>\n<p>Le Parlement europ\u00e9en adresse un message clair au Conseil et \u00e0 la Commission : &#8216;Le temps des excuses est r\u00e9volu. Il est temps d\u2019agir.<\/p>\n<p>Cette r\u00e9solution est un appel \u00e0 l\u2019action pour toutes les parties impliqu\u00e9es, ajoute-t-elle. &#8220;L\u2019objectif ultime reste le m\u00eame : deux \u00c9tats d\u00e9mocratiques, Isra\u00ebl et la Palestine, vivant c\u00f4te \u00e0 c\u00f4te dans la paix et la s\u00e9curit\u00e9.&#8221;<\/p>\n<p>La plupart des \u00e9lus belges pr\u00e9sents au vote ont soutenu la r\u00e9solution<br \/>\nLes \u00e9lus belges pr\u00e9sents au vote ont pour la plupart soutenu la r\u00e9solution.<\/p>\n<p>Seuls les socialistes Elio Di Rupo et Estelle Ceulemans ont vot\u00e9 contre (contrairement \u00e0 leurs coll\u00e8gues de Vooruit), tout comme le PTB Marc Botenga, estimant que le texte \u00e9tait trop faible.<\/p>\n<p>Elio Di Rupo reconna\u00eet que le texte constitue une avanc\u00e9e, compte tenu du rapport de forces dans l\u2019h\u00e9micycle. Mais il a choisi de voter contre et plaider pour aller plus loin \u00e0 une prochaine occasion.<\/p>\n<p>&#8220;On aurait pu a minima mentionner le risque de g\u00e9nocide comme reconnu par la Cour internationale de justice&#8221;, dit-il. &#8220;L\u2019accord d\u2019association doit \u00eatre suspendu totalement et le probl\u00e8me du transit des armes m\u00e9ritait davantage.&#8221;<\/p>\n<p>M\u00eame si la r\u00e9solution aurait pu aller plus loin, l\u2019\u00e9cologiste Saskia Bricmont retient qu\u2019elle permet au Parlement d\u2019avoir, pr\u00e8s de deux ans apr\u00e8s le 7 octobre 2023, un d\u00e9nominateur commun sur la situation \u00e0 Gaza. Elle avait initi\u00e9 mercredi un mouvement de sensibilisation dans l\u2019h\u00e9micycle, parsem\u00e9 de rouge pour l\u2019occasion.<\/p>\n<p>De son c\u00f4t\u00e9, le chr\u00e9tien-d\u00e9mocrate Pascal Arimont (PPE) \u00e9voque un texte \u00e9quilibr\u00e9 qui reprend les points du compromis du gouvernement belge. La N-VA et le Vlaams Belang se sont abstenus. M\u00eame si cela reste symbolique, la session pl\u00e9ni\u00e8re de rentr\u00e9e aura marqu\u00e9 une \u00e9volution dans le langage employ\u00e9 par le Parlement europ\u00e9en, mais aussi par la Commission europ\u00e9enne.<\/p>\n<p>Mercredi, Ursula von der Leyen s\u2019est longuement attard\u00e9e sur la guerre \u00e0 Gaza dans son discours annuel sur l\u2019\u00e9tat de l\u2019Union, d\u00e9non\u00e7ant l\u2019utilisation de la famine comme arme de guerre, appelant \u00e0 suspendre le volet commercial de l\u2019accord d\u2019association et annon\u00e7ant un gel du soutien bilat\u00e9ral de la Commission \u00e0 Isra\u00ebl.<\/p>\n<p>https:\/\/www.rtbf.be\/article\/guerre-israel-gaza-les-eurodeputes-adoptent-une-position-commune-sur-gaza-11599691<\/p>\n","protected":false},"excerpt":{"rendered":"<p>Les d\u00e9put\u00e9s europ\u00e9ens ont adopt\u00e9 jeudi une r\u00e9solution sur Gaza, la premi\u00e8re depuis le d\u00e9but de la l\u00e9gislature. Elle permet au Parlement europ\u00e9en de d\u00e9gager une position commune apr\u00e8s des n\u00e9gociations intenses entre les groupes politiques. La r\u00e9solution, baptis\u00e9e &#8220;Gaza au point de rupture&#8221;, a \u00e9t\u00e9 adopt\u00e9e par 305 voix pour, 151 contre et 122 &hellip;<\/p>\n","protected":false},"author":2,"featured_media":18101,"comment_status":"open","ping_status":"open","sticky":false,"template":"","format":"standard","meta":{"footnotes":""},"categories":[18,29],"tags":[],"class_list":["post-18100","post","type-post","status-publish","format-standard","has-post-thumbnail","hentry","category-actualites","category-monde"],"_links":{"self":[{"href":"https:\/\/ladepeche.mr\/index.php?rest_route=\/wp\/v2\/posts\/18100","targetHints":{"allow":["GET"]}}],"collection":[{"href":"https:\/\/ladepeche.mr\/index.php?rest_route=\/wp\/v2\/posts"}],"about":[{"href":"https:\/\/ladepeche.mr\/index.php?rest_route=\/wp\/v2\/types\/post"}],"author":[{"embeddable":true,"href":"https:\/\/ladepeche.mr\/index.php?rest_route=\/wp\/v2\/users\/2"}],"replies":[{"embeddable":true,"href":"https:\/\/ladepeche.mr\/index.php?rest_route=%2Fwp%2Fv2%2Fcomments&post=18100"}],"version-history":[{"count":1,"href":"https:\/\/ladepeche.mr\/index.php?rest_route=\/wp\/v2\/posts\/18100\/revisions"}],"predecessor-version":[{"id":18102,"href":"https:\/\/ladepeche.mr\/index.php?rest_route=\/wp\/v2\/posts\/18100\/revisions\/18102"}],"wp:featuredmedia":[{"embeddable":true,"href":"https:\/\/ladepeche.mr\/index.php?rest_route=\/wp\/v2\/media\/18101"}],"wp:attachment":[{"href":"https:\/\/ladepeche.mr\/index.php?rest_route=%2Fwp%2Fv2%2Fmedia&parent=18100"}],"wp:term":[{"taxonomy":"category","embeddable":true,"href":"https:\/\/ladepeche.mr\/index.php?rest_route=%2Fwp%2Fv2%2Fcategories&post=18100"},{"taxonomy":"post_tag","embeddable":true,"href":"https:\/\/ladepeche.mr\/index.php?rest_route=%2Fwp%2Fv2%2Ftags&post=18100"}],"curies":[{"name":"wp","href":"https:\/\/api.w.org\/{rel}","templated":true}]}}