{"id":18103,"date":"2025-09-12T23:59:05","date_gmt":"2025-09-12T23:59:05","guid":{"rendered":"https:\/\/ladepeche.mr\/?p=18103"},"modified":"2025-09-13T14:03:12","modified_gmt":"2025-09-13T14:03:12","slug":"arret-immediat-trois-grands-pays-europeens-mettent-la-pression-sur-israel-lallemagne-la-france-et-le-royaume-uni-ont-lance-vendredi-un-appel-conjoint-a-israel-pour-qu","status":"publish","type":"post","link":"https:\/\/ladepeche.mr\/?p=18103","title":{"rendered":"\u00ab Arr\u00eat imm\u00e9diat \u00bb : trois grands pays europ\u00e9ens mettent la pression sur Isra\u00ebl"},"content":{"rendered":"<p>L\u2019Allemagne, la France et le Royaume-Uni ont lanc\u00e9 vendredi un appel conjoint \u00e0 Isra\u00ebl pour qu\u2019il cesse imm\u00e9diatement ses op\u00e9rations militaires \u00e0 Gaza-ville.<\/p>\n<p>Berlin, Paris et Londres ont appel\u00e9 vendredi \u00e0 \u00ab l\u2019arr\u00eat imm\u00e9diat des op\u00e9rations militaires isra\u00e9liennes \u00e0 Gaza-ville \u00bb, apr\u00e8s que l\u2019arm\u00e9e isra\u00e9lienne a d\u00e9clar\u00e9 son intention d\u2019y intensifier ses frappes.<\/p>\n<p>\u00ab Nous appelons de toute urgence \u00e0 l\u2019arr\u00eat imm\u00e9diat des op\u00e9rations militaires isra\u00e9liennes dans la ville de Gaza, qui provoquent des d\u00e9placements massifs de civils, des pertes civiles et la destruction d\u2019infrastructures essentielles \u00bb, indique un communiqu\u00e9 commun des minist\u00e8res des Affaires \u00e9trang\u00e8res des trois pays, envoy\u00e9 par Berlin.<\/p>\n<p>\u00ab Nous appelons l\u2019ONU et les ONG humanitaires \u00e0 pouvoir travailler en toute s\u00e9curit\u00e9 et \u00e0 grande \u00e9chelle dans toute la bande de Gaza, y compris dans le nord \u00bb, ajoute le communiqu\u00e9.<\/p>\n<p>Cette d\u00e9claration intervient trois jours apr\u00e8s une attaque sans pr\u00e9c\u00e9dent men\u00e9e par Isra\u00ebl au Qatar, qui avait cibl\u00e9 des responsables du Hamas.<\/p>\n<p>D\u2019apr\u00e8s le Hamas, l\u2019attaque visait \u00e0 torpiller les n\u00e9gociations pour une tr\u00eave \u00e0 Gaza.<\/p>\n<p>Dans la bande de Gaza affam\u00e9e, assi\u00e9g\u00e9e et d\u00e9vast\u00e9e par pr\u00e8s de deux ans de guerre, l\u2019arm\u00e9e isra\u00e9lienne a affirm\u00e9 son intention d\u2019intensifier ses frappes sur Gaza-ville.<\/p>\n<p>Apr\u00e8s le d\u00e9but de la guerre, d\u00e9clench\u00e9e par une attaque sans pr\u00e9c\u00e9dent du Hamas sur le sol isra\u00e9lien le 7 octobre 2023, Isra\u00ebl a d\u00e9cim\u00e9 la direction de ce mouvement, jurant de le d\u00e9truire et de le chasser du territoire palestinien o\u00f9 il a pris le pouvoir en 2007.<\/p>\n<p>https:\/\/www.sudinfo.be\/id1039678\/article\/2025-09-12\/arret-immediat-trois-grands-pays-europeens-mettent-la-pression-sur-israel<\/p>\n","protected":false},"excerpt":{"rendered":"<p>L\u2019Allemagne, la France et le Royaume-Uni ont lanc\u00e9 vendredi un appel conjoint \u00e0 Isra\u00ebl pour qu\u2019il cesse imm\u00e9diatement ses op\u00e9rations militaires \u00e0 Gaza-ville. Berlin, Paris et Londres ont appel\u00e9 vendredi \u00e0 \u00ab l\u2019arr\u00eat imm\u00e9diat des op\u00e9rations militaires isra\u00e9liennes \u00e0 Gaza-ville \u00bb, apr\u00e8s que l\u2019arm\u00e9e isra\u00e9lienne a d\u00e9clar\u00e9 son intention d\u2019y intensifier ses frappes. \u00ab Nous &hellip;<\/p>\n","protected":false},"author":2,"featured_media":18104,"comment_status":"open","ping_status":"open","sticky":false,"template":"","format":"standard","meta":{"footnotes":""},"categories":[18,29],"tags":[],"class_list":["post-18103","post","type-post","status-publish","format-standard","has-post-thumbnail","hentry","category-actualites","category-monde"],"_links":{"self":[{"href":"https:\/\/ladepeche.mr\/index.php?rest_route=\/wp\/v2\/posts\/18103","targetHints":{"allow":["GET"]}}],"collection":[{"href":"https:\/\/ladepeche.mr\/index.php?rest_route=\/wp\/v2\/posts"}],"about":[{"href":"https:\/\/ladepeche.mr\/index.php?rest_route=\/wp\/v2\/types\/post"}],"author":[{"embeddable":true,"href":"https:\/\/ladepeche.mr\/index.php?rest_route=\/wp\/v2\/users\/2"}],"replies":[{"embeddable":true,"href":"https:\/\/ladepeche.mr\/index.php?rest_route=%2Fwp%2Fv2%2Fcomments&post=18103"}],"version-history":[{"count":3,"href":"https:\/\/ladepeche.mr\/index.php?rest_route=\/wp\/v2\/posts\/18103\/revisions"}],"predecessor-version":[{"id":18108,"href":"https:\/\/ladepeche.mr\/index.php?rest_route=\/wp\/v2\/posts\/18103\/revisions\/18108"}],"wp:featuredmedia":[{"embeddable":true,"href":"https:\/\/ladepeche.mr\/index.php?rest_route=\/wp\/v2\/media\/18104"}],"wp:attachment":[{"href":"https:\/\/ladepeche.mr\/index.php?rest_route=%2Fwp%2Fv2%2Fmedia&parent=18103"}],"wp:term":[{"taxonomy":"category","embeddable":true,"href":"https:\/\/ladepeche.mr\/index.php?rest_route=%2Fwp%2Fv2%2Fcategories&post=18103"},{"taxonomy":"post_tag","embeddable":true,"href":"https:\/\/ladepeche.mr\/index.php?rest_route=%2Fwp%2Fv2%2Ftags&post=18103"}],"curies":[{"name":"wp","href":"https:\/\/api.w.org\/{rel}","templated":true}]}}