{"id":18117,"date":"2025-09-14T15:18:31","date_gmt":"2025-09-14T15:18:31","guid":{"rendered":"https:\/\/ladepeche.mr\/?p=18117"},"modified":"2025-09-15T10:54:57","modified_gmt":"2025-09-15T10:54:57","slug":"sommet-de-doha-parer-aux-ambitions-machiaveliques-disrael","status":"publish","type":"post","link":"https:\/\/ladepeche.mr\/?p=18117","title":{"rendered":"Sommet de Doha: Parer aux ambitions machiav\u00e9liques d\u2019Israel"},"content":{"rendered":"<p>A quelque chose malheur est bon. Le monde arabo-musulman prend au s\u00e9rieux, depuis les frappes terroristes isra\u00e9liennes contre le Qatar et les d\u00e9clarations belliqueuses de B. Netanyahou, les menaces d\u2019expansion de l\u2019entit\u00e9 sioniste. <\/p>\n<p>En effet, la r\u00e9union de solidarit\u00e9 avec le Qatar apr\u00e8s la l\u00e2che agression sioniste et la poursuite du g\u00e9nocide \u00e0 Gaza montrent, au moins, que les dirigeants du monde arabo-musulman conservent un tant soit que peu d\u2019initiative en dehors du \u00ab\u00a0commitment\u00a0\u00bbam\u00e9ricain, pour tenter de prot\u00e9ger leur pays de l\u2019expansionnisme rampant isra\u00e9lien. C\u2019est donc l\u2019occasion pour les pays arabo-musulmans de peser de tout leur poids d\u00e9mographique, \u00e9conomique et strat\u00e9gique pour mettre sur une pied une force de frappe contre un ennemi commun d\u00e9cid\u00e9 \u00e0 cause de l\u2019impunit\u00e9 de ses responsables poursuivis pour crime de guerre et contre l\u2019humanit\u00e9 \u00e0 embraser la r\u00e9gion.<br \/>\nLa situation est, sans doute, inesp\u00e9r\u00e9e face \u00e0 un ennemi honni et vomi par la communaut\u00e9 internationale. Seuls les USA lui restent encore inconditionnels. Le sommet offre aussi un \u00e9ventail de man\u0153uvres pour les pays dans un monde bipolaris\u00e9 entre l\u2019Occident et le nouveau bloc de l\u2019Est pour tenter de tirer leur \u00e9pingle du jeu s\u00e9curitaire mondial.<\/p>\n<p>Initialement, le sommet des dirigeants arabes et musulmans est destin\u00e9 \u00e0 d\u00e9noncer l\u2019attaque terroriste de l\u2019Etat h\u00e9breu contre des responsables du groupe du Hamas \u00e0 Doha, et pour manifester une solidarit\u00e9 agissante avec le Qatar.<br \/>\nLa veille du sommet, une r\u00e9union des ministres des affaires \u00e9trang\u00e8res penchera sur un projet de r\u00e9solution commune contre l\u2019attaque terroriste d\u2019Israel contre Doha visant \u00e0 imploser les n\u00e9gociations sur le g\u00e9nocide \u00e0 Gaza.<br \/>\nCe sommet illustre, dans sa spontan\u00e9it\u00e9, le r\u00f4le pr\u00e9pond\u00e9rant du Qatar sur la sc\u00e8ne mondiale et une large solidarit\u00e9 arabe et islamique envers l\u2019\u00c9tat du Qatar face \u00e0 l\u2019agression l\u00e2che d\u2019Isra\u00ebl et le rejet cat\u00e9gorique du terrorisme d\u2019\u00c9tat isra\u00e9lien.<br \/>\nDans son attaque terroriste Isra\u00ebl dont les n\u00e9gociateurs ont toujours s\u00e9journ\u00e9 en s\u00e9curit\u00e9 dans ce pays a tent\u00e9, \u00e0 l\u2019issue d\u2019un round de discussion mardi d\u2019\u00e9liminer les n\u00e9gociateurs du Hamas pr\u00e9sent au Qatar. L\u2019attaque per\u00e7ue comme une tentative dilatoire de remettre en cause le cessez-le-feu et la lib\u00e9ration des otages isra\u00e9liens avait \u00e9t\u00e9 men\u00e9e dans un quartier r\u00e9sidentiel de Doha. <\/p>\n<p>\u00c0 cours d\u2019arguments et face \u00e0 l\u2019\u00e9chec de son op\u00e9ration, que ses services de renseignements lui avaient d\u00e9conseill\u00e9, B Netanyahou s\u2019enfonce chaque jour dans l\u2019extr\u00e9misme et devient manipulable \u00e0 volont\u00e9 par les extr\u00e9mistes juifs violents de son cabinet comme B Smotrich et Benghvir, tous deux bannis d&#8217;ailleurs dans les pays europ\u00e9ens. B. Netanyahou se sentira avec eux moins \u00e0 l\u2019\u00e9troit sur le banc des accus\u00e9s de la communaut\u00e9 internationale.<br \/>\nPlus insidieusement, les frappes isra\u00e9liennes contre le Hamas \u00e0 Doha sont consid\u00e9r\u00e9es dans le monde entier, y compris parmi les partenaires traditionnels de l\u2019Etat h\u00e9breu, comme une violation sans pr\u00e9c\u00e9dent de la souverainet\u00e9 d\u2019un \u00c9tat parrain d\u2019une n\u00e9gociation de paix.<br \/>\nUne n\u00e9gociation que le premier ministre isra\u00e9lien ne veut pas voir aboutir et qu\u2019il tente pour la septi\u00e8me fois, en deux ans, d\u2019imploser pour retarder sa responsabilit\u00e9 personnelle dans l\u2019\u00e9chec des n\u00e9gociations pour la lib\u00e9ration des otages. Jusqu\u2019ici il a b\u00e9n\u00e9fici\u00e9 du soutien aveugle des administrations am\u00e9ricaines.<br \/>\nDe Biden \u00e0 Trump, le soutien us dans le g\u00e9nocide \u00e0 Gaza est sans ambages. C\u2019est \u00e0 se demander m\u00eame si l\u2019administration Trump n\u2019a pas donn\u00e9 son feu vert dans les frappes sc\u00e9l\u00e9rates contre son alli\u00e9 qatari. L\u00e0 o\u00f9 r\u00e9side sa plus grande base militaire dans la r\u00e9gion. Car, en effet, certaines sources isra\u00e9liennes parlent de la pr\u00e9sence de son commandant \u00e0 Tel-aviv, une semaine avant les frappes terroristes isra\u00e9liennes.<br \/>\nDans un monde o\u00f9 la g\u00e9opolitique est changeante, l\u2019espoir est de voir initier une force de frappe de dissuasion dans le monde arabo-musulman.<br \/>\nLe sommet en a les moyens humains, financiers et politiques. A moins que n\u2019interf\u00e8rent encore les mains occultes pour l\u2019ajourner. Le sentiment parmi les opinions publiques est largement favorable \u00e0 la mise en place d\u2019une telle force ne serait-ce que pour parer aux vell\u00e9it\u00e9s expansionnistes de l\u2019extr\u00eame droite isra\u00e9lienne.<\/p>\n","protected":false},"excerpt":{"rendered":"<p>A quelque chose malheur est bon. Le monde arabo-musulman prend au s\u00e9rieux, depuis les frappes terroristes isra\u00e9liennes contre le Qatar et les d\u00e9clarations belliqueuses de B. Netanyahou, les menaces d\u2019expansion de l\u2019entit\u00e9 sioniste. En effet, la r\u00e9union de solidarit\u00e9 avec le Qatar apr\u00e8s la l\u00e2che agression sioniste et la poursuite du g\u00e9nocide \u00e0 Gaza montrent, &hellip;<\/p>\n","protected":false},"author":2,"featured_media":18118,"comment_status":"open","ping_status":"open","sticky":false,"template":"","format":"standard","meta":{"footnotes":""},"categories":[18,29],"tags":[],"class_list":["post-18117","post","type-post","status-publish","format-standard","has-post-thumbnail","hentry","category-actualites","category-monde"],"_links":{"self":[{"href":"https:\/\/ladepeche.mr\/index.php?rest_route=\/wp\/v2\/posts\/18117","targetHints":{"allow":["GET"]}}],"collection":[{"href":"https:\/\/ladepeche.mr\/index.php?rest_route=\/wp\/v2\/posts"}],"about":[{"href":"https:\/\/ladepeche.mr\/index.php?rest_route=\/wp\/v2\/types\/post"}],"author":[{"embeddable":true,"href":"https:\/\/ladepeche.mr\/index.php?rest_route=\/wp\/v2\/users\/2"}],"replies":[{"embeddable":true,"href":"https:\/\/ladepeche.mr\/index.php?rest_route=%2Fwp%2Fv2%2Fcomments&post=18117"}],"version-history":[{"count":4,"href":"https:\/\/ladepeche.mr\/index.php?rest_route=\/wp\/v2\/posts\/18117\/revisions"}],"predecessor-version":[{"id":18146,"href":"https:\/\/ladepeche.mr\/index.php?rest_route=\/wp\/v2\/posts\/18117\/revisions\/18146"}],"wp:featuredmedia":[{"embeddable":true,"href":"https:\/\/ladepeche.mr\/index.php?rest_route=\/wp\/v2\/media\/18118"}],"wp:attachment":[{"href":"https:\/\/ladepeche.mr\/index.php?rest_route=%2Fwp%2Fv2%2Fmedia&parent=18117"}],"wp:term":[{"taxonomy":"category","embeddable":true,"href":"https:\/\/ladepeche.mr\/index.php?rest_route=%2Fwp%2Fv2%2Fcategories&post=18117"},{"taxonomy":"post_tag","embeddable":true,"href":"https:\/\/ladepeche.mr\/index.php?rest_route=%2Fwp%2Fv2%2Ftags&post=18117"}],"curies":[{"name":"wp","href":"https:\/\/api.w.org\/{rel}","templated":true}]}}