{"id":1812,"date":"2022-09-07T08:01:04","date_gmt":"2022-09-07T08:01:04","guid":{"rendered":"https:\/\/ladepeche.mr\/?p=1812"},"modified":"2022-09-07T08:01:20","modified_gmt":"2022-09-07T08:01:20","slug":"moulaye-ould-mohamed-laghdaf-un-homme-du-serail-nouveau-ministre-secretaire-general-de-la-presidence","status":"publish","type":"post","link":"https:\/\/ladepeche.mr\/?p=1812","title":{"rendered":"Moulaye Ould Mohamed Laghdaf, un homme du s\u00e9rail, nouveau ministre secr\u00e9taire g\u00e9n\u00e9ral de la pr\u00e9sidence"},"content":{"rendered":"<p>Le pr\u00e9sident Ghazouani a encore d\u00e9cid\u00e9 de rappeler un ancien t\u00e9nor de la p\u00e9riode de l&#8217;ancien pr\u00e9sident Mohamed Ould Abdelaziz, Dr Moulaye Ould Mohamed Laghdaf qu&#8217;il a nomm\u00e9 ministre secr\u00e9taire g\u00e9n\u00e9ral de la Pr\u00e9sidence de la R\u00e9publique. D\u00e9j\u00e0 succcesseur de Yahya Ould Ahmed El Waghef, en 2008, au poste de premier ministre, \u00e0 l&#8217;issue du coup d&#8217;Etat contre l&#8217;ancien pr\u00e9sident d\u00e9mocratiquement \u00e9lu, feu Sidi Ould Cheikh Abdellahi, Moulaye Ould Mohamed Laghdaf lui succ\u00e8de, une fois de plus, mais cette fois au poste ministre secr\u00e9taire g\u00e9n\u00e9ral de la pr\u00e9sidence. Moulaye Ould Mohamed Laghdaf avait d\u00e9j\u00e0 occup\u00e9 le m\u00eame poste en 2015 lorsque le pr\u00e9sident Aziz lui pr\u00e9fera l&#8217;ancien premier Ministre, Yahya Ould Hademine. Depuis quelques temps \u00e0 l&#8217;ombre, Dr Moulaye Ould Mohamed Laghdaf, reprend service et se retrouve \u00e0 une position cl\u00e9 de l&#8217;\u00e9chiquier gouvernemental.<\/p>\n","protected":false},"excerpt":{"rendered":"<p>Le pr\u00e9sident Ghazouani a encore d\u00e9cid\u00e9 de rappeler un ancien t\u00e9nor de la p\u00e9riode de l&#8217;ancien pr\u00e9sident Mohamed Ould Abdelaziz, Dr Moulaye Ould Mohamed Laghdaf qu&#8217;il a nomm\u00e9 ministre secr\u00e9taire g\u00e9n\u00e9ral de la Pr\u00e9sidence de la R\u00e9publique. D\u00e9j\u00e0 succcesseur de Yahya Ould Ahmed El Waghef, en 2008, au poste de premier ministre, \u00e0 l&#8217;issue du &hellip;<\/p>\n","protected":false},"author":2,"featured_media":1813,"comment_status":"open","ping_status":"open","sticky":false,"template":"","format":"standard","meta":{"footnotes":""},"categories":[18,1],"tags":[],"class_list":["post-1812","post","type-post","status-publish","format-standard","has-post-thumbnail","hentry","category-actualites","category-uncategorized"],"_links":{"self":[{"href":"https:\/\/ladepeche.mr\/index.php?rest_route=\/wp\/v2\/posts\/1812","targetHints":{"allow":["GET"]}}],"collection":[{"href":"https:\/\/ladepeche.mr\/index.php?rest_route=\/wp\/v2\/posts"}],"about":[{"href":"https:\/\/ladepeche.mr\/index.php?rest_route=\/wp\/v2\/types\/post"}],"author":[{"embeddable":true,"href":"https:\/\/ladepeche.mr\/index.php?rest_route=\/wp\/v2\/users\/2"}],"replies":[{"embeddable":true,"href":"https:\/\/ladepeche.mr\/index.php?rest_route=%2Fwp%2Fv2%2Fcomments&post=1812"}],"version-history":[{"count":1,"href":"https:\/\/ladepeche.mr\/index.php?rest_route=\/wp\/v2\/posts\/1812\/revisions"}],"predecessor-version":[{"id":1814,"href":"https:\/\/ladepeche.mr\/index.php?rest_route=\/wp\/v2\/posts\/1812\/revisions\/1814"}],"wp:featuredmedia":[{"embeddable":true,"href":"https:\/\/ladepeche.mr\/index.php?rest_route=\/wp\/v2\/media\/1813"}],"wp:attachment":[{"href":"https:\/\/ladepeche.mr\/index.php?rest_route=%2Fwp%2Fv2%2Fmedia&parent=1812"}],"wp:term":[{"taxonomy":"category","embeddable":true,"href":"https:\/\/ladepeche.mr\/index.php?rest_route=%2Fwp%2Fv2%2Fcategories&post=1812"},{"taxonomy":"post_tag","embeddable":true,"href":"https:\/\/ladepeche.mr\/index.php?rest_route=%2Fwp%2Fv2%2Ftags&post=1812"}],"curies":[{"name":"wp","href":"https:\/\/api.w.org\/{rel}","templated":true}]}}