{"id":18129,"date":"2025-09-14T21:14:59","date_gmt":"2025-09-14T21:14:59","guid":{"rendered":"https:\/\/ladepeche.mr\/?p=18129"},"modified":"2025-11-25T10:47:13","modified_gmt":"2025-11-25T10:47:13","slug":"situation-acridienne-sous-controle-ministre","status":"publish","type":"post","link":"https:\/\/ladepeche.mr\/?p=18129","title":{"rendered":"Situation acridienne \u00absous contr\u00f4le\u00a0\u00bb (ministre)"},"content":{"rendered":"<p>Le ministre mauritanien de l\u2019Agriculture et de la Souverainet\u00e9 alimentaire, Memm\u00e9 Ould Beybat\u00e9, a affirm\u00e9 que la situation actuelle du criquet p\u00e8lerin dans le pays \u00ab n\u2019est pas pr\u00e9occupante \u00bb, tout en assurant que les op\u00e9rations de surveillance et de lutte se poursuivent de mani\u00e8re active.<br \/>\nCette d\u00e9claration intervient \u00e0 l\u2019issue d\u2019une visite de trois jours dans les r\u00e9gions nord des wilayas du Trarza et du Brakna, ainsi qu\u2019au sud de l\u2019Adrar. Le ministre y a inspect\u00e9 les \u00e9quipes du Centre National de Lutte contre le Criquet P\u00e8lerin (CNLA), notamment dans les localit\u00e9s de Fay, Dhayet Allah et Kerdania.<br \/>\nSelon le ministre, des foyers larvaires et quelques individus ail\u00e9s immatures ont \u00e9t\u00e9 d\u00e9tect\u00e9s et sont actuellement trait\u00e9s par huit \u00e9quipes d\u2019intervention d\u00e9ploy\u00e9es sur le terrain. Il a soulign\u00e9 que la majorit\u00e9 des infestations sont encore au stade larvaire, ce qui facilite leur \u00e9limination.<br \/>\nDes rencontres ont \u00e9galement eu lieu avec des \u00e9leveurs locaux afin de renforcer la coordination et le partage d\u2019informations pour une intervention rapide et cibl\u00e9e.<br \/>\nLe directeur technique du CNLA, Ahmed Salem Ould Benahi, a pour sa part indiqu\u00e9 que l\u2019approche du Centre repose sur la lutte pr\u00e9ventive, l\u2019alerte pr\u00e9coce et l\u2019intervention rapide. Il a pr\u00e9cis\u00e9 que les premi\u00e8res arriv\u00e9es de criquets ont \u00e9t\u00e9 d\u00e9tect\u00e9es en mai dans l\u2019Adrar et que des op\u00e9rations de suivi et de traitement ont \u00e9t\u00e9 men\u00e9es depuis juillet.<br \/>\nLes autorit\u00e9s affirment que la situation reste sous contr\u00f4le et que tous les moyens sont mobilis\u00e9s pour pr\u00e9venir toute menace sur la saison agricole et la s\u00e9curit\u00e9 alimentaire.<\/p>\n","protected":false},"excerpt":{"rendered":"<p>Le ministre mauritanien de l\u2019Agriculture et de la Souverainet\u00e9 alimentaire, Memm\u00e9 Ould Beybat\u00e9, a affirm\u00e9 que la situation actuelle du criquet p\u00e8lerin dans le pays \u00ab n\u2019est pas pr\u00e9occupante \u00bb, tout en assurant que les op\u00e9rations de surveillance et de lutte se poursuivent de mani\u00e8re active. Cette d\u00e9claration intervient \u00e0 l\u2019issue d\u2019une visite de trois &hellip;<\/p>\n","protected":false},"author":2,"featured_media":18130,"comment_status":"open","ping_status":"open","sticky":false,"template":"","format":"standard","meta":{"footnotes":""},"categories":[18,21],"tags":[],"class_list":["post-18129","post","type-post","status-publish","format-standard","has-post-thumbnail","hentry","category-actualites","category-fluctuations"],"_links":{"self":[{"href":"https:\/\/ladepeche.mr\/index.php?rest_route=\/wp\/v2\/posts\/18129","targetHints":{"allow":["GET"]}}],"collection":[{"href":"https:\/\/ladepeche.mr\/index.php?rest_route=\/wp\/v2\/posts"}],"about":[{"href":"https:\/\/ladepeche.mr\/index.php?rest_route=\/wp\/v2\/types\/post"}],"author":[{"embeddable":true,"href":"https:\/\/ladepeche.mr\/index.php?rest_route=\/wp\/v2\/users\/2"}],"replies":[{"embeddable":true,"href":"https:\/\/ladepeche.mr\/index.php?rest_route=%2Fwp%2Fv2%2Fcomments&post=18129"}],"version-history":[{"count":1,"href":"https:\/\/ladepeche.mr\/index.php?rest_route=\/wp\/v2\/posts\/18129\/revisions"}],"predecessor-version":[{"id":18131,"href":"https:\/\/ladepeche.mr\/index.php?rest_route=\/wp\/v2\/posts\/18129\/revisions\/18131"}],"wp:featuredmedia":[{"embeddable":true,"href":"https:\/\/ladepeche.mr\/index.php?rest_route=\/wp\/v2\/media\/18130"}],"wp:attachment":[{"href":"https:\/\/ladepeche.mr\/index.php?rest_route=%2Fwp%2Fv2%2Fmedia&parent=18129"}],"wp:term":[{"taxonomy":"category","embeddable":true,"href":"https:\/\/ladepeche.mr\/index.php?rest_route=%2Fwp%2Fv2%2Fcategories&post=18129"},{"taxonomy":"post_tag","embeddable":true,"href":"https:\/\/ladepeche.mr\/index.php?rest_route=%2Fwp%2Fv2%2Ftags&post=18129"}],"curies":[{"name":"wp","href":"https:\/\/api.w.org\/{rel}","templated":true}]}}