{"id":18132,"date":"2025-09-15T08:02:41","date_gmt":"2025-09-15T08:02:41","guid":{"rendered":"https:\/\/ladepeche.mr\/?p=18132"},"modified":"2025-09-15T08:02:41","modified_gmt":"2025-09-15T08:02:41","slug":"nouveau-gouvernement-en-algerie-ahmed-attaf-et-said-chengriha-maintenus","status":"publish","type":"post","link":"https:\/\/ladepeche.mr\/?p=18132","title":{"rendered":"Nouveau gouvernement en Alg\u00e9rie : Ahmed Attaf et Sa\u00efd Chengriha maintenus"},"content":{"rendered":"<p>\u00c0 peine la pr\u00e9sidence alg\u00e9rienne venait-elle de confirmer, dimanche 14 septembre, Sifi Ghrieb \u00e0 la primature qu\u2019un nouveau gouvernement \u00e9tait annonc\u00e9 dans la soir\u00e9e.<\/p>\n<p>Peu de changement, ou presque, dans le nouveau gouvernement de Sifi Ghrieb, Premier ministre par int\u00e9rim confirm\u00e9 \u00e0 ce poste dimanche 14 septembre.<\/p>\n<p>Les portefeuilles des Affaires \u00e9trang\u00e8res et de la Justice restent ainsi inchang\u00e9s : Ahmed Attaf et Lotfi Boudjemaa conservent leur maroquin. Tout comme Sa\u00efd Chengriha, le chef d\u2019\u00e9tat-major de l\u2019arm\u00e9e qui reste ministre d\u00e9l\u00e9gu\u00e9 \u00e0 la D\u00e9fense, le pr\u00e9sident Tebboune cumulant la pr\u00e9sidence et la D\u00e9fense.<br \/>\nL\u2019\u00e9nergie a en revanche \u00e9t\u00e9 s\u00e9par\u00e9e des hydrocarbures. Mohamed Arkab conserve le minist\u00e8re des Hydrocarbures et des Mines tandis que Mourad Adjal a \u00e9t\u00e9 nomm\u00e9 ministre de l\u2019\u00c9nergie et des \u00e9nergies renouvelables.<\/p>\n<p>Brahim Merad change de poste<br \/>\nSa\u00efd Sayoud, pr\u00e9c\u00e9demment ministre des Transports, garde ce portefeuille mais devient \u00e9galement ministre de l\u2019Int\u00e9rieur. Une nouvelle fonction a \u00e9t\u00e9 cr\u00e9\u00e9e pour l\u2019ancien ministre de l\u2019Int\u00e9rieur, Brahim Merad, d\u00e9sormais ministre d\u2019\u00c9tat charg\u00e9 de l\u2019Inspection des services de l\u2019\u00c9tat et des Collectivit\u00e9s locales.<\/p>\n<p>Le professeur en cardiologie Mohamed Esseddik Ait Messaoud\u00e8ne devient ministre de la Sant\u00e9.<br \/>\nQuelques heures avant l\u2019annonce de cette nouvelle \u00e9quipe dimanche, le chef de l\u2019\u00c9tat Abdelmadjid Tebboune avait confirm\u00e9 \u00e0 son poste le Premier ministre Sifi Ghrieb, qui assurait jusqu\u2019ici l\u2019int\u00e9rim. Le pr\u00e9sident avait limog\u00e9 le 28 ao\u00fbt Nadir Larbaoui, en fonction depuis novembre 2023, le rempla\u00e7ant par le ministre de l\u2019Industrie, 54 ans. Aucun d\u00e9tail n\u2019avait \u00e9t\u00e9 officiellement fourni sur les raisons du limogeage. Mais officieusement, l\u2019effacement et la discr\u00e9tion de Nadir Larbaoui, diplomate de carri\u00e8re, lui \u00e9taient reproch\u00e9s.<\/p>\n<p>JA (Avec AFP)<\/p>\n<p>https:\/\/www.msn.com\/fr-xl\/actualite\/other\/nouveau-gouvernement-en-alg%C3%A9rie-ahmed-attaf-et-sa%C3%AFd-chengriha-maintenus\/ar-AA1MyT2y?ocid=msedgdhp&#038;pc=U531&#038;cvid=68c7c595ff5a4203b90712dd657191ea&#038;ei=9<\/p>\n","protected":false},"excerpt":{"rendered":"<p>\u00c0 peine la pr\u00e9sidence alg\u00e9rienne venait-elle de confirmer, dimanche 14 septembre, Sifi Ghrieb \u00e0 la primature qu\u2019un nouveau gouvernement \u00e9tait annonc\u00e9 dans la soir\u00e9e. Peu de changement, ou presque, dans le nouveau gouvernement de Sifi Ghrieb, Premier ministre par int\u00e9rim confirm\u00e9 \u00e0 ce poste dimanche 14 septembre. Les portefeuilles des Affaires \u00e9trang\u00e8res et de la &hellip;<\/p>\n","protected":false},"author":2,"featured_media":18133,"comment_status":"open","ping_status":"open","sticky":false,"template":"","format":"standard","meta":{"footnotes":""},"categories":[18,29],"tags":[],"class_list":["post-18132","post","type-post","status-publish","format-standard","has-post-thumbnail","hentry","category-actualites","category-monde"],"_links":{"self":[{"href":"https:\/\/ladepeche.mr\/index.php?rest_route=\/wp\/v2\/posts\/18132","targetHints":{"allow":["GET"]}}],"collection":[{"href":"https:\/\/ladepeche.mr\/index.php?rest_route=\/wp\/v2\/posts"}],"about":[{"href":"https:\/\/ladepeche.mr\/index.php?rest_route=\/wp\/v2\/types\/post"}],"author":[{"embeddable":true,"href":"https:\/\/ladepeche.mr\/index.php?rest_route=\/wp\/v2\/users\/2"}],"replies":[{"embeddable":true,"href":"https:\/\/ladepeche.mr\/index.php?rest_route=%2Fwp%2Fv2%2Fcomments&post=18132"}],"version-history":[{"count":1,"href":"https:\/\/ladepeche.mr\/index.php?rest_route=\/wp\/v2\/posts\/18132\/revisions"}],"predecessor-version":[{"id":18134,"href":"https:\/\/ladepeche.mr\/index.php?rest_route=\/wp\/v2\/posts\/18132\/revisions\/18134"}],"wp:featuredmedia":[{"embeddable":true,"href":"https:\/\/ladepeche.mr\/index.php?rest_route=\/wp\/v2\/media\/18133"}],"wp:attachment":[{"href":"https:\/\/ladepeche.mr\/index.php?rest_route=%2Fwp%2Fv2%2Fmedia&parent=18132"}],"wp:term":[{"taxonomy":"category","embeddable":true,"href":"https:\/\/ladepeche.mr\/index.php?rest_route=%2Fwp%2Fv2%2Fcategories&post=18132"},{"taxonomy":"post_tag","embeddable":true,"href":"https:\/\/ladepeche.mr\/index.php?rest_route=%2Fwp%2Fv2%2Ftags&post=18132"}],"curies":[{"name":"wp","href":"https:\/\/api.w.org\/{rel}","templated":true}]}}