{"id":18135,"date":"2025-09-15T09:00:19","date_gmt":"2025-09-15T09:00:19","guid":{"rendered":"https:\/\/ladepeche.mr\/?p=18135"},"modified":"2025-09-15T09:18:08","modified_gmt":"2025-09-15T09:18:08","slug":"transition-energetique-un-nouvelle-etape-franchie","status":"publish","type":"post","link":"https:\/\/ladepeche.mr\/?p=18135","title":{"rendered":"Transition \u00e9nerg\u00e9tique : Un nouvelle \u00e9tape franchie!"},"content":{"rendered":"<p>La Mauritanie a franchi une nouvelle \u00e9tape dans sa transition \u00e9nerg\u00e9tique avec la signature, vendredi \u00e0 Nouakchott, de deux contrats public-priv\u00e9 pour la construction d\u2019une centrale hybride solaire-\u00e9olienne de 220 MW, ont annonc\u00e9 les autorit\u00e9s.<br \/>\nLe projet, premier du genre dans le pays, sera d\u00e9velopp\u00e9 par la soci\u00e9t\u00e9 Ewa Green Energy pour un montant de 300 millions de dollars. L\u2019infrastructure combinera 160 MW d\u2019\u00e9nergie solaire et 60 MW d\u2019\u00e9olien, avec un syst\u00e8me de stockage d\u2019une capacit\u00e9 de 370 MWh. La mise en service est pr\u00e9vue pour septembre 2026, avec une puissance garantie de 60 MW inject\u00e9e en continu dans le r\u00e9seau.<br \/>\nCe partenariat avec la Soci\u00e9t\u00e9 mauritanienne d\u2019\u00e9lectricit\u00e9 (SOMELEC) s\u2019inscrit dans le cadre du \u00ab Pacte national de l\u2019\u00e9nergie \u00bb, qui vise un acc\u00e8s universel \u00e0 l\u2019\u00e9lectricit\u00e9 d\u2019ici 2030 et une part de 70 % d\u2019\u00e9nergies renouvelables dans le mix \u00e9nerg\u00e9tique.<br \/>\nEn 2023, la production \u00e9lectrique nationale restait domin\u00e9e par le thermique (55,5 %), contre 12,6 % pour l\u2019\u00e9olien et 4,4 % pour le solaire. L\u2019introduction de cette centrale hybride marque un tournant technologique majeur, destin\u00e9 \u00e0 renforcer la fiabilit\u00e9 du r\u00e9seau et \u00e0 r\u00e9duire la d\u00e9pendance aux \u00e9nergies fossiles.<br \/>\n(avec m\u00e9dia)<\/p>\n","protected":false},"excerpt":{"rendered":"<p>La Mauritanie a franchi une nouvelle \u00e9tape dans sa transition \u00e9nerg\u00e9tique avec la signature, vendredi \u00e0 Nouakchott, de deux contrats public-priv\u00e9 pour la construction d\u2019une centrale hybride solaire-\u00e9olienne de 220 MW, ont annonc\u00e9 les autorit\u00e9s. Le projet, premier du genre dans le pays, sera d\u00e9velopp\u00e9 par la soci\u00e9t\u00e9 Ewa Green Energy pour un montant de &hellip;<\/p>\n","protected":false},"author":2,"featured_media":18047,"comment_status":"open","ping_status":"open","sticky":false,"template":"","format":"standard","meta":{"footnotes":""},"categories":[18,2],"tags":[],"class_list":["post-18135","post","type-post","status-publish","format-standard","has-post-thumbnail","hentry","category-actualites","category-economie"],"_links":{"self":[{"href":"https:\/\/ladepeche.mr\/index.php?rest_route=\/wp\/v2\/posts\/18135","targetHints":{"allow":["GET"]}}],"collection":[{"href":"https:\/\/ladepeche.mr\/index.php?rest_route=\/wp\/v2\/posts"}],"about":[{"href":"https:\/\/ladepeche.mr\/index.php?rest_route=\/wp\/v2\/types\/post"}],"author":[{"embeddable":true,"href":"https:\/\/ladepeche.mr\/index.php?rest_route=\/wp\/v2\/users\/2"}],"replies":[{"embeddable":true,"href":"https:\/\/ladepeche.mr\/index.php?rest_route=%2Fwp%2Fv2%2Fcomments&post=18135"}],"version-history":[{"count":2,"href":"https:\/\/ladepeche.mr\/index.php?rest_route=\/wp\/v2\/posts\/18135\/revisions"}],"predecessor-version":[{"id":18139,"href":"https:\/\/ladepeche.mr\/index.php?rest_route=\/wp\/v2\/posts\/18135\/revisions\/18139"}],"wp:featuredmedia":[{"embeddable":true,"href":"https:\/\/ladepeche.mr\/index.php?rest_route=\/wp\/v2\/media\/18047"}],"wp:attachment":[{"href":"https:\/\/ladepeche.mr\/index.php?rest_route=%2Fwp%2Fv2%2Fmedia&parent=18135"}],"wp:term":[{"taxonomy":"category","embeddable":true,"href":"https:\/\/ladepeche.mr\/index.php?rest_route=%2Fwp%2Fv2%2Fcategories&post=18135"},{"taxonomy":"post_tag","embeddable":true,"href":"https:\/\/ladepeche.mr\/index.php?rest_route=%2Fwp%2Fv2%2Ftags&post=18135"}],"curies":[{"name":"wp","href":"https:\/\/api.w.org\/{rel}","templated":true}]}}