{"id":18140,"date":"2025-09-15T11:30:55","date_gmt":"2025-09-15T11:30:55","guid":{"rendered":"https:\/\/ladepeche.mr\/?p=18140"},"modified":"2025-09-15T09:21:13","modified_gmt":"2025-09-15T09:21:13","slug":"je-proclame-mon-reve-pour-la-mauritanie","status":"publish","type":"post","link":"https:\/\/ladepeche.mr\/?p=18140","title":{"rendered":"Je proclame mon r\u00eave pour la Mauritanie"},"content":{"rendered":"<p>La Mauritanie ne pourra avancer que lorsque chacun de ses enfants se sentira pleinement inclus. Les Haratins, descendants d\u2019anciens affranchis, restent encore marqu\u00e9s par les s\u00e9quelles de l\u2019esclavage. L\u2019esclavage appartient au pass\u00e9 et l\u2019\u00c9tat le combat avec fermet\u00e9. Mais ses traces existent toujours et elles appellent \u00e0 renforcer l\u2019inclusion sociale et \u00e9conomique.<\/p>\n<p>Martin Luther King disait : \u00ab I have a dream \u00bb. Moi aussi j\u2019ai un r\u00eave et aujourd\u2019hui je proclame ce r\u00eave pour la Mauritanie.<\/p>\n<p>J\u2019ai un r\u00eave o\u00f9 cette communaut\u00e9 aura les m\u00eames chances que tous leurs compatriotes dans l\u2019\u00e9ducation, la sant\u00e9 et le logement.<br \/>\nJ\u2019ai un r\u00eave o\u00f9 ils seront pleinement visibles dans l\u2019\u00e9conomie nationale comme entrepreneurs, banquiers, assureurs, chefs d\u2019entreprise et industriels.<br \/>\nJ\u2019ai un r\u00eave o\u00f9 ils auront acc\u00e8s aux licences, aux concessions, aux agr\u00e9ments et aux secteurs strat\u00e9giques qui b\u00e2tissent l\u2019\u00e9conomie du pays.<br \/>\nJ\u2019ai un r\u00eave o\u00f9 les extr\u00e9mistes de tous bords n\u2019auront plus de place en Mauritanie et o\u00f9 la politique sera port\u00e9e par des id\u00e9es et des programmes capables de rassembler et non par des vendeurs de r\u00eaves qui jouent sur les identit\u00e9s et les couleurs.<\/p>\n<p>Et j\u2019affirme que ce r\u00eave n\u2019est pas une utopie mais une justice sociale et \u00e9conomique sans laquelle l\u2019\u00e9galit\u00e9 politique restera incompl\u00e8te.<\/p>\n<p>L\u2019\u00c9tat a d\u00e9j\u00e0 montr\u00e9 la voie. Le Pr\u00e9sident Mohamed Ould Cheikh El Ghazouani a ouvert les portes des plus hautes sph\u00e8res de l\u2019\u00c9tat \u00e0 des Haratins envoyant ainsi un signal fort d\u2019inclusion. Mais pour que ce signal produise tout son effet il doit maintenant s\u2019\u00e9tendre au secteur priv\u00e9 sous l\u2019impulsion du Pr\u00e9sident. Car si l\u2019\u00c9tat a ouvert la voie il revient au chef de la nation d\u2019imposer \u00e0 tous, y compris aux entreprises, cette marche vers une inclusion r\u00e9elle.<\/p>\n<p>Je proclame mon r\u00eave pour la Mauritanie. Un pays o\u00f9 l\u2019inclusion de ma communaut\u00e9 ne sera pas per\u00e7ue comme une faveur mais comme une n\u00e9cessit\u00e9 pour l\u2019avenir de la Mauritanie. Je r\u00eave d\u2019un citoyen qui ne se d\u00e9finit pas par sa couleur, qu\u2019il soit Bidan blanc ou Bidan noir, Peul, Sonink\u00e9 ou Wolof, mais par son appartenance \u00e0 une m\u00eame nation.<\/p>\n<p>Tout pour la Mauritanie.<\/p>\n","protected":false},"excerpt":{"rendered":"<p>La Mauritanie ne pourra avancer que lorsque chacun de ses enfants se sentira pleinement inclus. Les Haratins, descendants d\u2019anciens affranchis, restent encore marqu\u00e9s par les s\u00e9quelles de l\u2019esclavage. L\u2019esclavage appartient au pass\u00e9 et l\u2019\u00c9tat le combat avec fermet\u00e9. Mais ses traces existent toujours et elles appellent \u00e0 renforcer l\u2019inclusion sociale et \u00e9conomique. Martin Luther King &hellip;<\/p>\n","protected":false},"author":2,"featured_media":17701,"comment_status":"open","ping_status":"open","sticky":false,"template":"","format":"standard","meta":{"footnotes":""},"categories":[18,19],"tags":[],"class_list":["post-18140","post","type-post","status-publish","format-standard","has-post-thumbnail","hentry","category-actualites","category-tribune"],"_links":{"self":[{"href":"https:\/\/ladepeche.mr\/index.php?rest_route=\/wp\/v2\/posts\/18140","targetHints":{"allow":["GET"]}}],"collection":[{"href":"https:\/\/ladepeche.mr\/index.php?rest_route=\/wp\/v2\/posts"}],"about":[{"href":"https:\/\/ladepeche.mr\/index.php?rest_route=\/wp\/v2\/types\/post"}],"author":[{"embeddable":true,"href":"https:\/\/ladepeche.mr\/index.php?rest_route=\/wp\/v2\/users\/2"}],"replies":[{"embeddable":true,"href":"https:\/\/ladepeche.mr\/index.php?rest_route=%2Fwp%2Fv2%2Fcomments&post=18140"}],"version-history":[{"count":1,"href":"https:\/\/ladepeche.mr\/index.php?rest_route=\/wp\/v2\/posts\/18140\/revisions"}],"predecessor-version":[{"id":18141,"href":"https:\/\/ladepeche.mr\/index.php?rest_route=\/wp\/v2\/posts\/18140\/revisions\/18141"}],"wp:featuredmedia":[{"embeddable":true,"href":"https:\/\/ladepeche.mr\/index.php?rest_route=\/wp\/v2\/media\/17701"}],"wp:attachment":[{"href":"https:\/\/ladepeche.mr\/index.php?rest_route=%2Fwp%2Fv2%2Fmedia&parent=18140"}],"wp:term":[{"taxonomy":"category","embeddable":true,"href":"https:\/\/ladepeche.mr\/index.php?rest_route=%2Fwp%2Fv2%2Fcategories&post=18140"},{"taxonomy":"post_tag","embeddable":true,"href":"https:\/\/ladepeche.mr\/index.php?rest_route=%2Fwp%2Fv2%2Ftags&post=18140"}],"curies":[{"name":"wp","href":"https:\/\/api.w.org\/{rel}","templated":true}]}}