{"id":18142,"date":"2025-09-15T10:44:19","date_gmt":"2025-09-15T10:44:19","guid":{"rendered":"https:\/\/ladepeche.mr\/?p=18142"},"modified":"2025-09-15T10:44:19","modified_gmt":"2025-09-15T10:44:19","slug":"le-qatar-exhorte-la-communaute-internationale-a-arreter-le-deux-poids-deux-mesures-pour-israel","status":"publish","type":"post","link":"https:\/\/ladepeche.mr\/?p=18142","title":{"rendered":"Le Qatar exhorte la communaut\u00e9 internationale \u00e0 arr\u00eater le &#8220;deux poids deux mesures&#8221; pour Isra\u00ebl"},"content":{"rendered":"<p>Le Qatar a exhort\u00e9 dimanche la communaut\u00e9 internationale \u00e0 \u00ab arr\u00eater le deux poids deux mesures \u00bb avec Isra\u00ebl, \u00e0 la veille d\u2019un sommet de dirigeants arabes et musulmans pour condamner les frappes isra\u00e9liennes ayant vis\u00e9 la semaine derni\u00e8re \u00e0 Doha des responsables du Hamas palestinien.<\/p>\n<p>Cette r\u00e9union survient alors que le secr\u00e9taire d\u2019Etat am\u00e9ricain Marc Rubio est en visite \u00e0 J\u00e9rusalem pour soutenir Isra\u00ebl, alli\u00e9 des Etats-Unis, avant la reconnaissance prochaine par plusieurs pays d\u2019un Etat palestinien lors de l\u2019Assembl\u00e9e g\u00e9n\u00e9rale de l\u2019ONU.<\/p>\n<p>\u00ab Le temps est venu pour la communaut\u00e9 internationale de cesser le deux poids deux mesures et de punir Isra\u00ebl pour tous les crimes qu\u2019il a commis \u00bb, a d\u00e9clar\u00e9 le Premier ministre du Qatar, Mohammed ben Abdelrahmane Al-Thani, lors d\u2019une r\u00e9union de pr\u00e9paration du sommet de Doha.<\/p>\n<p>\u00ab Isra\u00ebl doit savoir que la guerre d\u2019extermination en cours \u00e0 laquelle notre peuple palestinien fr\u00e8re est soumis, et dont l\u2019objectif est de les expulser de leur territoire, ne fonctionnera pas \u00bb, a-t-il ajout\u00e9.<\/p>\n<p>En repr\u00e9sailles \u00e0 l\u2019attaque sans pr\u00e9c\u00e9dent du mouvement islamiste Hamas en Isra\u00ebl le 7 octobre 2023, l\u2019arm\u00e9e isra\u00e9lienne a lanc\u00e9 une offensive d\u00e9vastatrice dans la bande de Gaza, dont la quasi-totalit\u00e9 des plus de deux millions d\u2019habitants ont \u00e9t\u00e9 chass\u00e9s de leurs foyers au moins une fois, selon l\u2019ONU.<\/p>\n<p>Selon le porte-parole du minist\u00e8re des Affaires \u00e9trang\u00e8res qatari Majed al-Ansari, un projet de r\u00e9solution sur l\u2019attaque isra\u00e9lienne contre le Qatar sera examin\u00e9 lors de la r\u00e9union.<\/p>\n<p>Le pr\u00e9sident palestinien Mahmoud Abbas est arriv\u00e9 dimanche \u00e0 Doha. Sont aussi attendus le pr\u00e9sident iranien Massoud Pezeshkian ainsi que le Premier ministre irakien Mohamed Chia al-Soudani.<\/p>\n<p>Le pr\u00e9sident turc Recep Tayyip Erdogan doit \u00e9galement participer \u00e0 la r\u00e9union.<\/p>\n<p>Reste \u00e0 savoir si le prince h\u00e9ritier et dirigeant de facto d\u2019Arabie saoudite, Mohammed ben Salmane, fera le d\u00e9placement, alors qu\u2019il s\u2019est d\u00e9j\u00e0 rendu au Qatar cette semaine en solidarit\u00e9 avec son voisin.<\/p>\n<p>L\u2019attaque isra\u00e9lienne, qui visait des responsables du Hamas, a \u00e9t\u00e9 men\u00e9e contre un complexe r\u00e9sidentiel \u00e0 Doha, capitale du pays m\u00e9diateur dans les n\u00e9gociations en vue d\u2019un cessez-le-feu dans la bande de Gaza.<\/p>\n<p>Les frappes isra\u00e9liennes ont tu\u00e9 cinq membres du mouvement palestinien et un membre des forces de s\u00e9curit\u00e9 qataries, mais le mouvement islamiste a dit que les responsables vis\u00e9s avaient surv\u00e9cu.<\/p>\n<p>Elles ont suscit\u00e9 de nombreuses condamnations, notamment des riches monarchies du Golfe, alli\u00e9es des Etats-Unis.<\/p>\n<p>Bassem Na\u00efm, membre du bureau politique du Hamas, a d\u00e9clar\u00e9 dimanche que le mouvement esp\u00e9rait que le sommet aboutirait \u00e0 \u00ab une position arabo-islamique d\u00e9cisive et unifi\u00e9e \u00bb et \u00e0 des \u00ab mesures claires \u00bb concernant Isra\u00ebl.<\/p>\n<p>Pour Elham Fakhro, du groupe de r\u00e9flexion Chatham House, le sommet est avant tout une fa\u00e7on pour les Etats du Conseil de coop\u00e9ration du Golfe (CCG) \u00ab d\u2019afficher leur unit\u00e9 \u00e0 un moment o\u00f9 Isra\u00ebl a directement port\u00e9 atteinte \u00e0 la souverainet\u00e9 d\u2019un Etat membre, la premi\u00e8re attaque de ce type dans l\u2019histoire \u00bb.<\/p>\n<p>Karim Bitar, de Sciences Po, voit lui dans cette r\u00e9union un \u00ab test d\u00e9cisif \u00bb.<\/p>\n<p>\u00ab On reconna\u00eet d\u00e9sormais qu\u2019il existe une menace existentielle non seulement pour les populations palestinienne et libanaise, mais aussi pour pratiquement chaque pays \u00bb, note-t-il.<\/p>\n<p>\u00ab Et seuls les Etats-Unis disposent d\u2019un levier suffisant pour amener Isra\u00ebl \u00e0 modifier son comportement \u00bb, mais ils ne le feront pas \u00ab \u00e0 moins de sentir que leurs alli\u00e9s de longue date dans le Golfe les pressent \u00e9galement d\u2019agir \u00bb.<\/p>\n<p>The post Le Qatar exhorte la communaut\u00e9 internationale \u00e0 arr\u00eater le &#8220;deux poids deux mesures&#8221; pour Isra\u00ebl appeared first on Hespress Fran\u00e7ais &#8211; Actualit\u00e9s du Maroc.<\/p>\n","protected":false},"excerpt":{"rendered":"<p>Le Qatar a exhort\u00e9 dimanche la communaut\u00e9 internationale \u00e0 \u00ab arr\u00eater le deux poids deux mesures \u00bb avec Isra\u00ebl, \u00e0 la veille d\u2019un sommet de dirigeants arabes et musulmans pour condamner les frappes isra\u00e9liennes ayant vis\u00e9 la semaine derni\u00e8re \u00e0 Doha des responsables du Hamas palestinien. Cette r\u00e9union survient alors que le secr\u00e9taire d\u2019Etat am\u00e9ricain &hellip;<\/p>\n","protected":false},"author":2,"featured_media":18143,"comment_status":"open","ping_status":"open","sticky":false,"template":"","format":"standard","meta":{"footnotes":""},"categories":[18,29],"tags":[],"class_list":["post-18142","post","type-post","status-publish","format-standard","has-post-thumbnail","hentry","category-actualites","category-monde"],"_links":{"self":[{"href":"https:\/\/ladepeche.mr\/index.php?rest_route=\/wp\/v2\/posts\/18142","targetHints":{"allow":["GET"]}}],"collection":[{"href":"https:\/\/ladepeche.mr\/index.php?rest_route=\/wp\/v2\/posts"}],"about":[{"href":"https:\/\/ladepeche.mr\/index.php?rest_route=\/wp\/v2\/types\/post"}],"author":[{"embeddable":true,"href":"https:\/\/ladepeche.mr\/index.php?rest_route=\/wp\/v2\/users\/2"}],"replies":[{"embeddable":true,"href":"https:\/\/ladepeche.mr\/index.php?rest_route=%2Fwp%2Fv2%2Fcomments&post=18142"}],"version-history":[{"count":1,"href":"https:\/\/ladepeche.mr\/index.php?rest_route=\/wp\/v2\/posts\/18142\/revisions"}],"predecessor-version":[{"id":18144,"href":"https:\/\/ladepeche.mr\/index.php?rest_route=\/wp\/v2\/posts\/18142\/revisions\/18144"}],"wp:featuredmedia":[{"embeddable":true,"href":"https:\/\/ladepeche.mr\/index.php?rest_route=\/wp\/v2\/media\/18143"}],"wp:attachment":[{"href":"https:\/\/ladepeche.mr\/index.php?rest_route=%2Fwp%2Fv2%2Fmedia&parent=18142"}],"wp:term":[{"taxonomy":"category","embeddable":true,"href":"https:\/\/ladepeche.mr\/index.php?rest_route=%2Fwp%2Fv2%2Fcategories&post=18142"},{"taxonomy":"post_tag","embeddable":true,"href":"https:\/\/ladepeche.mr\/index.php?rest_route=%2Fwp%2Fv2%2Ftags&post=18142"}],"curies":[{"name":"wp","href":"https:\/\/api.w.org\/{rel}","templated":true}]}}