{"id":18147,"date":"2025-09-15T20:08:01","date_gmt":"2025-09-15T20:08:01","guid":{"rendered":"https:\/\/ladepeche.mr\/?p=18147"},"modified":"2025-09-15T20:08:01","modified_gmt":"2025-09-15T20:08:01","slug":"la-mauritanie-et-le-fsd-signent-trois-accords-de-cooperation","status":"publish","type":"post","link":"https:\/\/ladepeche.mr\/?p=18147","title":{"rendered":"La Mauritanie et le FSD signent trois accords de coop\u00e9ration"},"content":{"rendered":"<p>Les locaux du Minist\u00e8re de l\u2019\u00c9conomie et des Finances ont abrit\u00e9, ce lundi, la c\u00e9r\u00e9monie de signature de trois accords de coop\u00e9ration entre la R\u00e9publique islamique de Mauritanie et le Royaume d\u2019Arabie Saoudite, par l&#8217;interm\u00e9diaire du Fonds saoudien de D\u00e9veloppement (FSD), dans les domaines de la sant\u00e9, de l\u2019eau et du d\u00e9veloppement rural.<\/p>\n<p>Le premier accord, paraph\u00e9 par le ministre de l\u2019\u00c9conomie et des Finances, Son Excellence M. Sid\u2019Ahmed Ould Bouh, et le pr\u00e9sident ex\u00e9cutif du Fonds, M. Sultan Ben Abdulrahman Al-Murshed, porte sur une subvention de 6 millions de dollars (243 millions MRU) destin\u00e9e \u00e0 la cinqui\u00e8me phase du programme saoudien de forage de puits et de d\u00e9veloppement rural en Afrique. Le projet pr\u00e9voit la r\u00e9alisation d\u2019une quarantaine de forages \u00e9quip\u00e9s de pompes solaires, de ch\u00e2teaux d\u2019eau et de r\u00e9seaux de distribution.<\/p>\n<p>Le second accord concerne la construction de l\u2019h\u00f4pital universitaire Roi Salman \u00e0 Nouakchott, d\u2019une capacit\u00e9 sup\u00e9rieure \u00e0 300 lits, avec un d\u00e9lai d\u2019ex\u00e9cution de 34 mois. Le ministre de la Sant\u00e9, M. Abdellahi Ould Weddih, et le pr\u00e9sident du groupe Al-Qasabi, M. Khaled Al-Qasabi, ont sign\u00e9 le contrat, dont la premi\u00e8re pierre sera pos\u00e9e demain par le Pr\u00e9sident de la R\u00e9publique, Son Excellence Monsieur Mohamed Ould Cheikh El Ghazouani.<\/p>\n<p>Enfin, le troisi\u00e8me accord, conclu entre le minist\u00e8re de l\u2019Hydraulique et de l\u2019Assainissement et le consortium charg\u00e9 des travaux, porte sur la r\u00e9alisation des deux premiers tron\u00e7ons du projet d\u2019alimentation en eau potable de la ville de Kiffa, financ\u00e9 par le Fonds \u00e0 hauteur de plus de 100 millions de dollars. Ce projet profitera \u00e0 plus de 500 000 habitants et facilitera l\u2019ach\u00e8vement des autres tron\u00e7ons financ\u00e9s par des partenaires tiers.<\/p>\n<p>Dans son intervention, le ministre de l\u2019\u00c9conomie et des Finances a soulign\u00e9 que \u00ab ces accords constituent une avanc\u00e9e significative dans le renforcement des relations historiques et solides entre les deux pays, relations que la volont\u00e9 des deux dirigeants ne cesse de consolider \u00bb. Il a ajout\u00e9 que ces projets accompagnent la dynamique en cours en Mauritanie pour concr\u00e9tiser les engagements du Pr\u00e9sident de la R\u00e9publique, notamment l\u2019acc\u00e8s universel des populations urbaines et rurales aux services essentiels.<\/p>\n<p>Le ministre a \u00e9galement salu\u00e9 le r\u00f4le majeur du Fonds saoudien de d\u00e9veloppement dans le financement de projets strat\u00e9giques qui contribuent \u00e0 la promotion du d\u00e9veloppement \u00e9conomique et social de la Mauritanie dans les secteurs de l\u2019agriculture, du transport, de l\u2019\u00e9nergie, de l\u2019eau, de la sant\u00e9 et de l\u2019\u00e9ducation.<\/p>\n<p>Pour sa part, le pr\u00e9sident ex\u00e9cutif du Fonds saoudien de D\u00e9veloppement a indiqu\u00e9 que ces projets traduisent la profondeur de la coop\u00e9ration entre les deux pays et ouvrent de nouvelles perspectives de partenariat dans les domaines de la sant\u00e9, de l\u2019eau et des services de base.<\/p>\n<p>La ministre de l\u2019Hydraulique et de l\u2019Assainissement, Mme Amal Mint Maoloud, a, de son c\u00f4t\u00e9, exprim\u00e9 sa reconnaissance pour l\u2019appui apport\u00e9 par le Royaume, soulignant que les interventions du Fonds ont permis d\u2019acc\u00e9l\u00e9rer les travaux et de lancer plus rapidement les tron\u00e7ons financ\u00e9s par d\u2019autres partenaires.<br \/>\nSource MEF<\/p>\n","protected":false},"excerpt":{"rendered":"<p>Les locaux du Minist\u00e8re de l\u2019\u00c9conomie et des Finances ont abrit\u00e9, ce lundi, la c\u00e9r\u00e9monie de signature de trois accords de coop\u00e9ration entre la R\u00e9publique islamique de Mauritanie et le Royaume d\u2019Arabie Saoudite, par l&#8217;interm\u00e9diaire du Fonds saoudien de D\u00e9veloppement (FSD), dans les domaines de la sant\u00e9, de l\u2019eau et du d\u00e9veloppement rural. Le premier &hellip;<\/p>\n","protected":false},"author":2,"featured_media":18148,"comment_status":"open","ping_status":"open","sticky":false,"template":"","format":"standard","meta":{"footnotes":""},"categories":[18,2],"tags":[],"class_list":["post-18147","post","type-post","status-publish","format-standard","has-post-thumbnail","hentry","category-actualites","category-economie"],"_links":{"self":[{"href":"https:\/\/ladepeche.mr\/index.php?rest_route=\/wp\/v2\/posts\/18147","targetHints":{"allow":["GET"]}}],"collection":[{"href":"https:\/\/ladepeche.mr\/index.php?rest_route=\/wp\/v2\/posts"}],"about":[{"href":"https:\/\/ladepeche.mr\/index.php?rest_route=\/wp\/v2\/types\/post"}],"author":[{"embeddable":true,"href":"https:\/\/ladepeche.mr\/index.php?rest_route=\/wp\/v2\/users\/2"}],"replies":[{"embeddable":true,"href":"https:\/\/ladepeche.mr\/index.php?rest_route=%2Fwp%2Fv2%2Fcomments&post=18147"}],"version-history":[{"count":1,"href":"https:\/\/ladepeche.mr\/index.php?rest_route=\/wp\/v2\/posts\/18147\/revisions"}],"predecessor-version":[{"id":18149,"href":"https:\/\/ladepeche.mr\/index.php?rest_route=\/wp\/v2\/posts\/18147\/revisions\/18149"}],"wp:featuredmedia":[{"embeddable":true,"href":"https:\/\/ladepeche.mr\/index.php?rest_route=\/wp\/v2\/media\/18148"}],"wp:attachment":[{"href":"https:\/\/ladepeche.mr\/index.php?rest_route=%2Fwp%2Fv2%2Fmedia&parent=18147"}],"wp:term":[{"taxonomy":"category","embeddable":true,"href":"https:\/\/ladepeche.mr\/index.php?rest_route=%2Fwp%2Fv2%2Fcategories&post=18147"},{"taxonomy":"post_tag","embeddable":true,"href":"https:\/\/ladepeche.mr\/index.php?rest_route=%2Fwp%2Fv2%2Ftags&post=18147"}],"curies":[{"name":"wp","href":"https:\/\/api.w.org\/{rel}","templated":true}]}}