{"id":18150,"date":"2025-09-15T20:18:11","date_gmt":"2025-09-15T20:18:11","guid":{"rendered":"https:\/\/ladepeche.mr\/?p=18150"},"modified":"2025-09-15T20:18:11","modified_gmt":"2025-09-15T20:18:11","slug":"attaque-au-qatar-les-dirigeants-arabes-et-musulmans-appellent-a-revoir-les-liens-diplomatiques-avec-israel","status":"publish","type":"post","link":"https:\/\/ladepeche.mr\/?p=18150","title":{"rendered":"Attaque au Qatar: les dirigeants arabes et musulmans appellent \u00e0 \u00abrevoir\u00bb les liens diplomatiques avec Isra\u00ebl"},"content":{"rendered":"<p>\u00abLe temps est venu pour la communaut\u00e9 internationale de cesser le deux poids deux mesures et de punir Isra\u00ebl.\u00bb<\/p>\n<p>Les dirigeants arabes et musulmans r\u00e9unis en sommet \u00e0 Doha ont appel\u00e9 lundi \u00e0 \u00abrevoir\u00bb les liens avec Isra\u00ebl apr\u00e8s l\u2019attaque isra\u00e9lienne ayant cibl\u00e9 des responsables du Hamas palestinien au Qatar la semaine derni\u00e8re, selon un projet de communiqu\u00e9 consult\u00e9 par l\u2019AFP.<br \/>\nSelon le texte, ce sommet conjoint de la Ligue arabe et de l\u2019Organisation de la coop\u00e9ration islamique (OCI), exhorte \u00abtous les \u00c9tats (&#8230;) \u00e0 revoir les relations diplomatiques et \u00e9conomiques avec Isra\u00ebl et \u00e0 engager des poursuites \u00e0 son encontre\u00bb. <\/p>\n<p>Parmi les leaders \u00e0 Doha figurent les pr\u00e9sident palestinien, turc, iranien et \u00e9gyptien ainsi que les premiers ministres irakien et pakistanais et le roi de Jordanie. Le prince h\u00e9ritier saoudien et dirigeant de facto du royaume, Mohammed ben Salmane, va \u00e9galement participer au sommet \u00e0 Doha, a indiqu\u00e9 l\u2019agence de presse saoudienne SPA.<\/p>\n<p>Isra\u00ebl et les \u00c9tats-Unis, son principal alli\u00e9, cherchent \u00e0 \u00e9tendre les accords d\u2019Abraham qui ont vu les \u00c9mirats arabes unis, Bahre\u00efn et le Maroc, reconna\u00eetre Isra\u00ebl en 2020.<\/p>\n<p>\u201cPas seulement que des discours\u00a0\u00bb<\/p>\n<p>L\u2019attaque isra\u00e9lienne et \u00abla poursuite des pratiques agressives d\u2019Isra\u00ebl, notamment les crimes de g\u00e9nocide, le nettoyage ethnique, la famine et le blocus, ainsi que les activit\u00e9s de colonisation et d\u2019expansion minent les perspectives de paix et de coexistence pacifique dans la r\u00e9gion\u00bb, affirme le texte.<\/p>\n<p>Elles \u00abmenacent tout ce qui a \u00e9t\u00e9 accompli sur la voie de l\u2019\u00e9tablissement de relations normales avec Isra\u00ebl, y compris les accords existants et futurs\u00bb, ajoute-il.<\/p>\n<p>Le projet souligne \u00e9galement \u00able concept de s\u00e9curit\u00e9 collective (\u2026) et la n\u00e9cessit\u00e9 de s\u2019aligner pour faire face aux d\u00e9fis et menaces communs\u00bb.<\/p>\n<p>Avant l\u2019ouverture du sommet, le pr\u00e9sident iranien Massoud Pezeshkian a exhort\u00e9 les pays musulmans \u00e0 rompre \u00ableurs liens avec ce r\u00e9gime factice\u00bb, en r\u00e9f\u00e9rence \u00e0 Isra\u00ebl.<\/p>\n<p>L\u2019attaque isra\u00e9lienne, qui a tu\u00e9 cinq membres du Hamas et un membre des forces de s\u00e9curit\u00e9 qataries, a suscit\u00e9 une vague de condamnations dans la communaut\u00e9 internationale, notamment des riches monarchies du Golfe, alli\u00e9es de Washington. Ainsi qu\u2019une rare r\u00e9probation des \u00c9tats-Unis, alli\u00e9 num\u00e9ro un d\u2019Isra\u00ebl mais \u00e9galement un proche alli\u00e9 du Qatar.<\/p>\n<p>https:\/\/www.noovo.info\/nouvelle\/le-qatar-tient-un-sommet-pour-revenir-sur-lattaque-disrael-contre-le-hamas-a-doha.html<\/p>\n","protected":false},"excerpt":{"rendered":"<p>\u00abLe temps est venu pour la communaut\u00e9 internationale de cesser le deux poids deux mesures et de punir Isra\u00ebl.\u00bb Les dirigeants arabes et musulmans r\u00e9unis en sommet \u00e0 Doha ont appel\u00e9 lundi \u00e0 \u00abrevoir\u00bb les liens avec Isra\u00ebl apr\u00e8s l\u2019attaque isra\u00e9lienne ayant cibl\u00e9 des responsables du Hamas palestinien au Qatar la semaine derni\u00e8re, selon un &hellip;<\/p>\n","protected":false},"author":2,"featured_media":18118,"comment_status":"open","ping_status":"open","sticky":false,"template":"","format":"standard","meta":{"footnotes":""},"categories":[18,29],"tags":[],"class_list":["post-18150","post","type-post","status-publish","format-standard","has-post-thumbnail","hentry","category-actualites","category-monde"],"_links":{"self":[{"href":"https:\/\/ladepeche.mr\/index.php?rest_route=\/wp\/v2\/posts\/18150","targetHints":{"allow":["GET"]}}],"collection":[{"href":"https:\/\/ladepeche.mr\/index.php?rest_route=\/wp\/v2\/posts"}],"about":[{"href":"https:\/\/ladepeche.mr\/index.php?rest_route=\/wp\/v2\/types\/post"}],"author":[{"embeddable":true,"href":"https:\/\/ladepeche.mr\/index.php?rest_route=\/wp\/v2\/users\/2"}],"replies":[{"embeddable":true,"href":"https:\/\/ladepeche.mr\/index.php?rest_route=%2Fwp%2Fv2%2Fcomments&post=18150"}],"version-history":[{"count":1,"href":"https:\/\/ladepeche.mr\/index.php?rest_route=\/wp\/v2\/posts\/18150\/revisions"}],"predecessor-version":[{"id":18151,"href":"https:\/\/ladepeche.mr\/index.php?rest_route=\/wp\/v2\/posts\/18150\/revisions\/18151"}],"wp:featuredmedia":[{"embeddable":true,"href":"https:\/\/ladepeche.mr\/index.php?rest_route=\/wp\/v2\/media\/18118"}],"wp:attachment":[{"href":"https:\/\/ladepeche.mr\/index.php?rest_route=%2Fwp%2Fv2%2Fmedia&parent=18150"}],"wp:term":[{"taxonomy":"category","embeddable":true,"href":"https:\/\/ladepeche.mr\/index.php?rest_route=%2Fwp%2Fv2%2Fcategories&post=18150"},{"taxonomy":"post_tag","embeddable":true,"href":"https:\/\/ladepeche.mr\/index.php?rest_route=%2Fwp%2Fv2%2Ftags&post=18150"}],"curies":[{"name":"wp","href":"https:\/\/api.w.org\/{rel}","templated":true}]}}