{"id":18156,"date":"2025-09-15T20:35:38","date_gmt":"2025-09-15T20:35:38","guid":{"rendered":"https:\/\/ladepeche.mr\/?p=18156"},"modified":"2025-09-15T20:36:54","modified_gmt":"2025-09-15T20:36:54","slug":"doha-la-declaration-finale-appelle-a-des-sanctions-contre-israel-et-a-lexecution-des-decisions-de-justice-internationale-contre-les-responsables-israeliens","status":"publish","type":"post","link":"https:\/\/ladepeche.mr\/?p=18156","title":{"rendered":"Doha: La d\u00e9claration finale appelle \u00e0 des sanctions contre Isra\u00ebl et \u00e0 l\u2019ex\u00e9cution des d\u00e9cisions de justice internationale contre ses dirigeants"},"content":{"rendered":"<p>Les chefs d\u2019\u00c9tat et de gouvernement de la Ligue des \u00c9tats arabes et de l\u2019Organisation de la Coop\u00e9ration Islamique (OCI), r\u00e9unis en sommet conjoint \u00e0 Doha, ont fermement condamn\u00e9 ce lundi l\u2019attaque isra\u00e9lienne du 9 septembre contre la capitale qatarie, la qualifiant d\u2019\u00ab agression flagrante \u00bb et de \u00ab menace grave \u00e0 la paix r\u00e9gionale \u00bb.<br \/>\nDans une d\u00e9claration conjointe publi\u00e9e \u00e0 l\u2019issue des travaux, les dirigeants ont exprim\u00e9 leur solidarit\u00e9 totale avec l\u2019\u00c9tat du Qatar, affirmant leur soutien \u00e0 toutes les mesures que Doha jugera n\u00e9cessaires pour pr\u00e9server sa souverainet\u00e9 et la s\u00e9curit\u00e9 de ses citoyens.<br \/>\nLes participants ont d\u00e9nonc\u00e9 une attaque visant \u00ab un lieu de m\u00e9diation neutre \u00bb, en r\u00e9f\u00e9rence aux efforts diplomatiques du Qatar dans le conflit \u00e0 Gaza. Ils ont \u00e9galement point\u00e9 la responsabilit\u00e9 d\u2019Isra\u00ebl dans la d\u00e9gradation des efforts de paix et la d\u00e9stabilisation de la r\u00e9gion.<br \/>\nLa d\u00e9claration appelle \u00e0 des sanctions contre Isra\u00ebl, \u00e0 la suspension de son adh\u00e9sion \u00e0 l\u2019ONU, et \u00e0 soutenir les poursuites internationales engag\u00e9es contre ses responsables devant la Cour p\u00e9nale internationale et la Cour internationale de Justice. Elle met en garde contre \u00ab une politique d\u2019impunit\u00e9 \u00bb qui affaiblit l\u2019ordre mondial fond\u00e9 sur le droit.<br \/>\nLe sommet a r\u00e9affirm\u00e9 le soutien des \u00c9tats membres \u00e0 la cause palestinienne, \u00e0 la solution \u00e0 deux \u00c9tats avec J\u00e9rusalem-Est pour capitale, et au r\u00f4le central du Qatar, de l\u2019\u00c9gypte et des \u00c9tats-Unis dans les efforts de m\u00e9diation.<br \/>\nLes dirigeants ont enfin salu\u00e9 la tenue prochaine, \u00e0 New York, d\u2019une conf\u00e9rence sur la solution \u00e0 deux \u00c9tats, copr\u00e9sid\u00e9e par l\u2019Arabie saoudite et la France.<\/p>\n","protected":false},"excerpt":{"rendered":"<p>Les chefs d\u2019\u00c9tat et de gouvernement de la Ligue des \u00c9tats arabes et de l\u2019Organisation de la Coop\u00e9ration Islamique (OCI), r\u00e9unis en sommet conjoint \u00e0 Doha, ont fermement condamn\u00e9 ce lundi l\u2019attaque isra\u00e9lienne du 9 septembre contre la capitale qatarie, la qualifiant d\u2019\u00ab agression flagrante \u00bb et de \u00ab menace grave \u00e0 la paix r\u00e9gionale &hellip;<\/p>\n","protected":false},"author":2,"featured_media":12700,"comment_status":"open","ping_status":"open","sticky":false,"template":"","format":"standard","meta":{"footnotes":""},"categories":[18,29],"tags":[],"class_list":["post-18156","post","type-post","status-publish","format-standard","has-post-thumbnail","hentry","category-actualites","category-monde"],"_links":{"self":[{"href":"https:\/\/ladepeche.mr\/index.php?rest_route=\/wp\/v2\/posts\/18156","targetHints":{"allow":["GET"]}}],"collection":[{"href":"https:\/\/ladepeche.mr\/index.php?rest_route=\/wp\/v2\/posts"}],"about":[{"href":"https:\/\/ladepeche.mr\/index.php?rest_route=\/wp\/v2\/types\/post"}],"author":[{"embeddable":true,"href":"https:\/\/ladepeche.mr\/index.php?rest_route=\/wp\/v2\/users\/2"}],"replies":[{"embeddable":true,"href":"https:\/\/ladepeche.mr\/index.php?rest_route=%2Fwp%2Fv2%2Fcomments&post=18156"}],"version-history":[{"count":2,"href":"https:\/\/ladepeche.mr\/index.php?rest_route=\/wp\/v2\/posts\/18156\/revisions"}],"predecessor-version":[{"id":18158,"href":"https:\/\/ladepeche.mr\/index.php?rest_route=\/wp\/v2\/posts\/18156\/revisions\/18158"}],"wp:featuredmedia":[{"embeddable":true,"href":"https:\/\/ladepeche.mr\/index.php?rest_route=\/wp\/v2\/media\/12700"}],"wp:attachment":[{"href":"https:\/\/ladepeche.mr\/index.php?rest_route=%2Fwp%2Fv2%2Fmedia&parent=18156"}],"wp:term":[{"taxonomy":"category","embeddable":true,"href":"https:\/\/ladepeche.mr\/index.php?rest_route=%2Fwp%2Fv2%2Fcategories&post=18156"},{"taxonomy":"post_tag","embeddable":true,"href":"https:\/\/ladepeche.mr\/index.php?rest_route=%2Fwp%2Fv2%2Ftags&post=18156"}],"curies":[{"name":"wp","href":"https:\/\/api.w.org\/{rel}","templated":true}]}}