{"id":18159,"date":"2025-09-16T10:09:09","date_gmt":"2025-09-16T10:09:09","guid":{"rendered":"https:\/\/ladepeche.mr\/?p=18159"},"modified":"2025-09-16T10:10:41","modified_gmt":"2025-09-16T10:10:41","slug":"doha-le-president-ghazouani-denonce-les-politiques-agressives-disrael","status":"publish","type":"post","link":"https:\/\/ladepeche.mr\/?p=18159","title":{"rendered":"Doha: Le pr\u00e9sident Ghazouani d\u00e9nonce les politiques agressives d&#8217;Isra\u00ebl"},"content":{"rendered":"<p>Le pr\u00e9sident de la R\u00e9publique, Mohamed Ould Cheikh El Ghazouani, est de retour \u00e0 Nouakchott, en provenance de Doha, o\u00f9 il a fustig\u00e9 dans un discours prononc\u00e9 \u00e0 l\u2019ouverture du sommet arabo-islamique l\u2019attaque d\u2019Isra\u00ebl contre le Qatar et d\u00e9nonc\u00e9 ses \u00abpolitiques agressives \u00bb.<br \/>\nLe Pr\u00e9sident de la R\u00e9publique qui a fait escale \u00e0 M\u00e9dine (Arabie Saoudite) pour y prier et rendre le Salut sur le Messager d\u2019Allah, avait, dans son discours, fermement l&#8217;agression isra\u00e9lienne contre la capitale qatarie, Doha, la qualifiant de &#8220;violation flagrante de la souverainet\u00e9&#8221; et de &#8220;danger pour la s\u00e9curit\u00e9 arabe et islamique collective&#8221;.<\/p>\n<p>Le pr\u00e9sident Ghazouani a encore d\u00e9clar\u00e9 que cette attaque ne constituait pas un incident isol\u00e9, mais &#8220;un nouvel \u00e9pisode d&#8217;une s\u00e9rie de politiques agressives&#8221; men\u00e9es par l&#8217;\u00c9tat isra\u00e9lien, soulignant &#8220;l&#8217;absence de sa volont\u00e9 politique r\u00e9elle pour la paix&#8221;. &#8220;Toute atteinte \u00e0 la s\u00e9curit\u00e9 du Qatar est une atteinte \u00e0 notre s\u00e9curit\u00e9 \u00e0 tous&#8221;, a rappel\u00e9 le pr\u00e9sident Ghazouani, appelant \u00e0 une r\u00e9ponse unifi\u00e9e des pays arabes et islamiques face \u00e0 cette escalade.<\/p>\n<p>Le pr\u00e9sident Ghazaouni a, en outre, exhort\u00e9 la communaut\u00e9 internationale, notamment le Conseil de s\u00e9curit\u00e9 de l\u2019ONU, \u00e0 assumer ses responsabilit\u00e9s pour faire respecter le droit international et pr\u00e9server la stabilit\u00e9 r\u00e9gionale martelant que la cause palestinienne restait centrale pour toute solution durable au conflit au Moyen-Orient.<br \/>\nLe pr\u00e9sident a enfin lanc\u00e9 un appel urgent \u00e0 l\u2019unit\u00e9 arabe et islamique afin de faire face aux menaces actuelles et pour pr\u00e9server la souverainet\u00e9 et la dignit\u00e9 de la Oumma islamique.<br \/>\n(avec Ami)<\/p>\n","protected":false},"excerpt":{"rendered":"<p>Le pr\u00e9sident de la R\u00e9publique, Mohamed Ould Cheikh El Ghazouani, est de retour \u00e0 Nouakchott, en provenance de Doha, o\u00f9 il a fustig\u00e9 dans un discours prononc\u00e9 \u00e0 l\u2019ouverture du sommet arabo-islamique l\u2019attaque d\u2019Isra\u00ebl contre le Qatar et d\u00e9nonc\u00e9 ses \u00abpolitiques agressives \u00bb. Le Pr\u00e9sident de la R\u00e9publique qui a fait escale \u00e0 M\u00e9dine (Arabie &hellip;<\/p>\n","protected":false},"author":2,"featured_media":18160,"comment_status":"open","ping_status":"open","sticky":false,"template":"","format":"standard","meta":{"footnotes":""},"categories":[18,29],"tags":[],"class_list":["post-18159","post","type-post","status-publish","format-standard","has-post-thumbnail","hentry","category-actualites","category-monde"],"_links":{"self":[{"href":"https:\/\/ladepeche.mr\/index.php?rest_route=\/wp\/v2\/posts\/18159","targetHints":{"allow":["GET"]}}],"collection":[{"href":"https:\/\/ladepeche.mr\/index.php?rest_route=\/wp\/v2\/posts"}],"about":[{"href":"https:\/\/ladepeche.mr\/index.php?rest_route=\/wp\/v2\/types\/post"}],"author":[{"embeddable":true,"href":"https:\/\/ladepeche.mr\/index.php?rest_route=\/wp\/v2\/users\/2"}],"replies":[{"embeddable":true,"href":"https:\/\/ladepeche.mr\/index.php?rest_route=%2Fwp%2Fv2%2Fcomments&post=18159"}],"version-history":[{"count":3,"href":"https:\/\/ladepeche.mr\/index.php?rest_route=\/wp\/v2\/posts\/18159\/revisions"}],"predecessor-version":[{"id":18163,"href":"https:\/\/ladepeche.mr\/index.php?rest_route=\/wp\/v2\/posts\/18159\/revisions\/18163"}],"wp:featuredmedia":[{"embeddable":true,"href":"https:\/\/ladepeche.mr\/index.php?rest_route=\/wp\/v2\/media\/18160"}],"wp:attachment":[{"href":"https:\/\/ladepeche.mr\/index.php?rest_route=%2Fwp%2Fv2%2Fmedia&parent=18159"}],"wp:term":[{"taxonomy":"category","embeddable":true,"href":"https:\/\/ladepeche.mr\/index.php?rest_route=%2Fwp%2Fv2%2Fcategories&post=18159"},{"taxonomy":"post_tag","embeddable":true,"href":"https:\/\/ladepeche.mr\/index.php?rest_route=%2Fwp%2Fv2%2Ftags&post=18159"}],"curies":[{"name":"wp","href":"https:\/\/api.w.org\/{rel}","templated":true}]}}