{"id":1816,"date":"2022-09-07T11:22:12","date_gmt":"2022-09-07T11:22:12","guid":{"rendered":"https:\/\/ladepeche.mr\/?p=1816"},"modified":"2022-09-07T14:43:45","modified_gmt":"2022-09-07T14:43:45","slug":"fin-du-delai-de-controle-judiciaire-contre-lancien-president-aziz-ce-ne-sera-que-le-debut-dune-autre-gueguerre-politico-judiciaire","status":"publish","type":"post","link":"https:\/\/ladepeche.mr\/?p=1816","title":{"rendered":"Fin du d\u00e9lai de contr\u00f4le judiciaire contre l\u2019ancien pr\u00e9sident Aziz\u00a0: Retour case-d\u00e9part?"},"content":{"rendered":"<p>C\u2019est normalement aujourd\u2019hui que s\u2019ach\u00e8ve le d\u00e9lai de contr\u00f4le judiciaire contre l\u2019ancien pr\u00e9sident, Mohamed Ould Abdelaziz. M\u00eame si tout semble indiquer qu\u2019on s\u2019achemine vers le respect de cette prescription l\u00e9gale, c\u00f4t\u00e9 pouvoir, la d\u00e9fense du sieur Aziz estime que l\u2019instruction du dossier est rest\u00e9e vide. Ce sera sans doute un retour case-d\u00e9part.<\/p>\n<p>&nbsp;<\/p>\n<p>Tout a commenc\u00e9 pour Ould Abdelaziz et ses anciens soutiens avec la mise en place de la Commission d\u2019Enqu\u00eate Parlementaire (CEP). Une enqu\u00eate visant \u00e0 taire un homme devenu r\u00e9calcitrant \u00e0 l\u2019ordre \u00e9tabli et qui se r\u00e9sumera enfin de compte \u00e0 l\u2019accusation de l\u2019ex-pr\u00e9sident et de son entourage direct malgr\u00e9 la citation de 300 autres personnes dans l\u2019enqu\u00eate parlementaire. L\u2019autorit\u00e9 de la chose jug\u00e9e impose que l\u2019on ne parle pas de ces myst\u00e9rieux \u00ab non-lieux\u00bb obtenus par beaucoup d\u2019anciens proches collaborateurs de l\u2019ancien pr\u00e9sident. C\u2019est d\u2019ailleurs cette s\u00e9lectivit\u00e9 qui a donn\u00e9, aux yeux de l\u2019opinion publique, de l\u2019eau au moulin de la d\u00e9fense de l\u2019ancien pr\u00e9sident poursuivi pour le chef d\u2019accusation &#8220;d\u2019enrichissement illicite, recel et blanchiment d\u2019argent&#8221;.<\/p>\n<p>Le dernier communiqu\u00e9 du collectif de la d\u00e9fense de l\u2019ancien pr\u00e9sident estime, en effet, que l\u2019ex-pr\u00e9sident est d\u00e9tenu pour des raisons \u00abpurement et proprement politiques\u00bb.<\/p>\n<p>&nbsp;<\/p>\n<p><strong>L\u2019ancien pr\u00e9sident tient \u00e0 comparaitre dans un proc\u00e8s public<\/strong><\/p>\n<p>L\u2019ancien pr\u00e9sident persiste et signe. Son souhait \u2013selon sa d\u00e9fense- est de comparaitre devant un tribunal, dans un proc\u00e8s public, sans doute, pour se blanchir, pense-t-il. Sa d\u00e9fense \u00e9gr\u00e8ne, elle aussi, beaucoup de griefs et \u00abviolations\u00bb des lois et des proc\u00e9dures qui pourraient imploser les charges retenues contre son client alors que le parquet aurait \u00e9t\u00e9 incapable de produire un \u00ab \u00e9l\u00e9ment de nature \u00e0 convaincre de la culpabilit\u00e9 de l\u2019ancien pr\u00e9sident de la r\u00e9publique \u00bb. Pour la d\u00e9fense de l\u2019ancien pr\u00e9sident les \u00ab rumeurs \u00bb colport\u00e9es l\u2019ont \u00e9t\u00e9 gr\u00e2ce aux RG et aux \u00ab m\u00e9dias qui leur sont affili\u00e9s\u00bb.<\/p>\n<p>Incarc\u00e9r\u00e9 en juin 2021 avant de b\u00e9n\u00e9ficier d\u2019une r\u00e9sidence surveill\u00e9e pour des raisons de sant\u00e9, l\u2019ancien pr\u00e9sident dont la d\u00e9fense surfe aussi sur la situation politique dans le pays pourrait sans doute voir lever la r\u00e9sidence surveill\u00e9e qui le maintenait en captivit\u00e9 et restreignait ses mouvements. C\u2019est en tout cas ce que sa d\u00e9fense escompte en esp\u00e9rant que la proc\u00e9dure suivie s\u2019ach\u00e8ve par l\u2019organisation d\u2019un \u00ab proc\u00e8s \u00e9quitable, public, o\u00f9 on entendra enfin l\u2019ancien pr\u00e9sident de la R\u00e9publique \u00bb. La lib\u00e9ration de l\u2019ancien pr\u00e9sident Aziz est une alternative qui laissent froids les avocats repr\u00e9sentant l\u2019Etat. Pour eux, il y a bien d\u00e9j\u00e0 le fondement de l\u2019accusation port\u00e9e en \u00e9tendard avec l\u2019existence de fonds de pr\u00e8s de 2 milliards Usd dont l\u2019ancien pr\u00e9sident ne peut justifier l\u00e9galement la provenance.<\/p>\n<p>Aucune date \u00e0 cet \u00e9ventuel proc\u00e8s n\u2019a \u00e9t\u00e9 fix\u00e9e. Le r\u00e9gime actuel aurait-il vraiment \u00ab\u00a0peur\u00a0\u00bb d\u2019offrir une tribune \u00e0 l\u2019ancien pr\u00e9sident via son proc\u00e8s public\u00a0?<\/p>\n<p>La partie civile pour qui une audience publique serait le coup de gr\u00e2ce contre l\u2019ancien pr\u00e9sident dit n\u2019esp\u00e9rer au fonds que cette \u00e9ventualit\u00e9. M\u00eame lib\u00e9r\u00e9 donc, l\u2019ancien pr\u00e9sident continuera de d\u00e9frayer la chronique juridico-politique.<\/p>\n<p>&nbsp;<\/p>\n<p>&nbsp;<\/p>\n<p>&nbsp;<\/p>\n","protected":false},"excerpt":{"rendered":"<p>C\u2019est normalement aujourd\u2019hui que s\u2019ach\u00e8ve le d\u00e9lai de contr\u00f4le judiciaire contre l\u2019ancien pr\u00e9sident, Mohamed Ould Abdelaziz. M\u00eame si tout semble indiquer qu\u2019on s\u2019achemine vers le respect de cette prescription l\u00e9gale, c\u00f4t\u00e9 pouvoir, la d\u00e9fense du sieur Aziz estime que l\u2019instruction du dossier est rest\u00e9e vide. Ce sera sans doute un retour case-d\u00e9part. &nbsp; Tout a &hellip;<\/p>\n","protected":false},"author":2,"featured_media":1817,"comment_status":"open","ping_status":"open","sticky":false,"template":"","format":"standard","meta":{"footnotes":""},"categories":[18],"tags":[],"class_list":["post-1816","post","type-post","status-publish","format-standard","has-post-thumbnail","hentry","category-actualites"],"_links":{"self":[{"href":"https:\/\/ladepeche.mr\/index.php?rest_route=\/wp\/v2\/posts\/1816","targetHints":{"allow":["GET"]}}],"collection":[{"href":"https:\/\/ladepeche.mr\/index.php?rest_route=\/wp\/v2\/posts"}],"about":[{"href":"https:\/\/ladepeche.mr\/index.php?rest_route=\/wp\/v2\/types\/post"}],"author":[{"embeddable":true,"href":"https:\/\/ladepeche.mr\/index.php?rest_route=\/wp\/v2\/users\/2"}],"replies":[{"embeddable":true,"href":"https:\/\/ladepeche.mr\/index.php?rest_route=%2Fwp%2Fv2%2Fcomments&post=1816"}],"version-history":[{"count":5,"href":"https:\/\/ladepeche.mr\/index.php?rest_route=\/wp\/v2\/posts\/1816\/revisions"}],"predecessor-version":[{"id":1822,"href":"https:\/\/ladepeche.mr\/index.php?rest_route=\/wp\/v2\/posts\/1816\/revisions\/1822"}],"wp:featuredmedia":[{"embeddable":true,"href":"https:\/\/ladepeche.mr\/index.php?rest_route=\/wp\/v2\/media\/1817"}],"wp:attachment":[{"href":"https:\/\/ladepeche.mr\/index.php?rest_route=%2Fwp%2Fv2%2Fmedia&parent=1816"}],"wp:term":[{"taxonomy":"category","embeddable":true,"href":"https:\/\/ladepeche.mr\/index.php?rest_route=%2Fwp%2Fv2%2Fcategories&post=1816"},{"taxonomy":"post_tag","embeddable":true,"href":"https:\/\/ladepeche.mr\/index.php?rest_route=%2Fwp%2Fv2%2Ftags&post=1816"}],"curies":[{"name":"wp","href":"https:\/\/api.w.org\/{rel}","templated":true}]}}