{"id":18164,"date":"2025-09-16T10:39:13","date_gmt":"2025-09-16T10:39:13","guid":{"rendered":"https:\/\/ladepeche.mr\/?p=18164"},"modified":"2025-09-16T10:39:13","modified_gmt":"2025-09-16T10:39:13","slug":"gaza-une-commission-de-lonu-accuse-israel-de-genocide","status":"publish","type":"post","link":"https:\/\/ladepeche.mr\/?p=18164","title":{"rendered":"Gaza : une commission de l&#8217;ONU accuse Isra\u00ebl de g\u00e9nocide"},"content":{"rendered":"<p>Vingt-trois mois apr\u00e8s le d\u00e9but du conflit d\u00e9clench\u00e9 par l&#8217;attaque du Hamas en Isra\u00ebl, les experts des Nations Unies accusent nomm\u00e9ment des hauts responsables isra\u00e9liens d&#8217;avoir pouss\u00e9 \u00e0 commettre un g\u00e9nocide dans l&#8217;enclave palestinienne.<\/p>\n<p>Une commission d\u2019enqu\u00eate mandat\u00e9e par le Conseil des droits de l\u2019Homme de l&#8217;ONU accuse Isra\u00ebl de commettre un g\u00e9nocide dans la bande de Gaza, selon un rapport qu&#8217;a pu consulter la direction internationale de Radio France. Vingt-trois mois apr\u00e8s le d\u00e9but du conflit lanc\u00e9 par l&#8217;attaque du Hamas en Isra\u00ebl, les experts accusent nomm\u00e9ment des hauts responsables isra\u00e9liens, dont le Premier ministre Benyamin N\u00e9tanyahou, d&#8217;avoir pouss\u00e9 \u00e0 commettre un g\u00e9nocide dans l&#8217;enclave palestinienne.<br \/>\nVolont\u00e9 d&#8217;\u00e9radiquer le peuple palestinien<br \/>\nD\u2019apr\u00e8s le rapport, 4 crit\u00e8res sur les 5 constitutifs retenus par la Convention pour la pr\u00e9vention et la r\u00e9pression du crime de g\u00e9nocide du 9 d\u00e9cembre 1948 ont \u00e9t\u00e9 commis. Les actes constitutifs de g\u00e9nocide comprennent le meurtre de membres du groupe, les atteintes graves \u00e0 l&#8217;int\u00e9grit\u00e9 physique ou mentale de membres du groupe, la soumission intentionnelle du groupe \u00e0 des conditions d&#8217;existence devant entra\u00eener sa destruction physique totale ou partielle, les mesures visant \u00e0 entraver les naissances au sein du groupe ou le transfert forc\u00e9 d&#8217;enfants vers d&#8217;autres groupes. Selon ces experts mandat\u00e9s, la conduite des op\u00e9rations men\u00e9es par Isra\u00ebl montre une volont\u00e9 d\u2019\u00e9radiquer le peuple palestinien.<br \/>\nPlusieurs ONG et experts ont d\u00e9j\u00e0 d\u00e9nonc\u00e9 des d\u00e9clarations de dirigeants isra\u00e9liens. Par l&#8217;interm\u00e9diaire de cette commission d&#8217;enqu\u00eate, les Nations unies, pour la premi\u00e8re fois, recensent les d\u00e9clarations faites apr\u00e8s le 7-Octobre, dont celles du Premier ministre isra\u00e9lien Benyamin N\u00e9tanyahou, de l&#8217;ancien ministre de la D\u00e9fense Yoav Gallant ou encore celles du pr\u00e9sident Isaac Herzog. D\u2019autres hauts responsables pourraient \u00e9galement \u00eatre concern\u00e9s, note la commission d\u2019enqu\u00eate pour qui l\u2019\u00c9tat isra\u00e9lien a manqu\u00e9 \u00e0 ses obligations de pr\u00e9venir le g\u00e9nocide et de poursuivre ceux qui l\u2019ont encourag\u00e9.<br \/>\nRfi<\/p>\n","protected":false},"excerpt":{"rendered":"<p>Vingt-trois mois apr\u00e8s le d\u00e9but du conflit d\u00e9clench\u00e9 par l&#8217;attaque du Hamas en Isra\u00ebl, les experts des Nations Unies accusent nomm\u00e9ment des hauts responsables isra\u00e9liens d&#8217;avoir pouss\u00e9 \u00e0 commettre un g\u00e9nocide dans l&#8217;enclave palestinienne. Une commission d\u2019enqu\u00eate mandat\u00e9e par le Conseil des droits de l\u2019Homme de l&#8217;ONU accuse Isra\u00ebl de commettre un g\u00e9nocide dans la &hellip;<\/p>\n","protected":false},"author":2,"featured_media":18165,"comment_status":"open","ping_status":"open","sticky":false,"template":"","format":"standard","meta":{"footnotes":""},"categories":[18,29],"tags":[],"class_list":["post-18164","post","type-post","status-publish","format-standard","has-post-thumbnail","hentry","category-actualites","category-monde"],"_links":{"self":[{"href":"https:\/\/ladepeche.mr\/index.php?rest_route=\/wp\/v2\/posts\/18164","targetHints":{"allow":["GET"]}}],"collection":[{"href":"https:\/\/ladepeche.mr\/index.php?rest_route=\/wp\/v2\/posts"}],"about":[{"href":"https:\/\/ladepeche.mr\/index.php?rest_route=\/wp\/v2\/types\/post"}],"author":[{"embeddable":true,"href":"https:\/\/ladepeche.mr\/index.php?rest_route=\/wp\/v2\/users\/2"}],"replies":[{"embeddable":true,"href":"https:\/\/ladepeche.mr\/index.php?rest_route=%2Fwp%2Fv2%2Fcomments&post=18164"}],"version-history":[{"count":1,"href":"https:\/\/ladepeche.mr\/index.php?rest_route=\/wp\/v2\/posts\/18164\/revisions"}],"predecessor-version":[{"id":18166,"href":"https:\/\/ladepeche.mr\/index.php?rest_route=\/wp\/v2\/posts\/18164\/revisions\/18166"}],"wp:featuredmedia":[{"embeddable":true,"href":"https:\/\/ladepeche.mr\/index.php?rest_route=\/wp\/v2\/media\/18165"}],"wp:attachment":[{"href":"https:\/\/ladepeche.mr\/index.php?rest_route=%2Fwp%2Fv2%2Fmedia&parent=18164"}],"wp:term":[{"taxonomy":"category","embeddable":true,"href":"https:\/\/ladepeche.mr\/index.php?rest_route=%2Fwp%2Fv2%2Fcategories&post=18164"},{"taxonomy":"post_tag","embeddable":true,"href":"https:\/\/ladepeche.mr\/index.php?rest_route=%2Fwp%2Fv2%2Ftags&post=18164"}],"curies":[{"name":"wp","href":"https:\/\/api.w.org\/{rel}","templated":true}]}}