{"id":18177,"date":"2025-09-16T13:30:53","date_gmt":"2025-09-16T13:30:53","guid":{"rendered":"https:\/\/ladepeche.mr\/?p=18177"},"modified":"2025-09-16T13:10:52","modified_gmt":"2025-09-16T13:10:52","slug":"commande-publique-le-pm-exhorte-a-la-transparence","status":"publish","type":"post","link":"https:\/\/ladepeche.mr\/?p=18177","title":{"rendered":"Commande publique: Le PM exhorte \u00e0 la transparence"},"content":{"rendered":"<p>Le Premier ministre mauritanien, M. El Moctar Ould Djay, a pr\u00e9sid\u00e9 ce lundi une r\u00e9union du comit\u00e9 minist\u00e9riel charg\u00e9 d\u2019examiner une \u00e9tude sur l\u2019\u00e9tat de la commande publique nationale et le code des march\u00e9s publics.<\/p>\n<p>Cette rencontre s\u2019inscrit dans le cadre des orientations du Pr\u00e9sident de la R\u00e9publique, M. Mohamed Ould Cheikh El Ghazouani, qui fait de la transparence, de la bonne gouvernance et de l\u2019efficacit\u00e9 de l\u2019action publique une priorit\u00e9 nationale.<\/p>\n<p>\u00c0 l\u2019issue des discussions, le Premier ministre a instruit les participants de tenir compte des observations des ministres et des techniciens afin de compl\u00e9ter l\u2019\u00e9tude en l\u2019adaptant aux r\u00e9alit\u00e9s du terrain. Il a \u00e9galement appel\u00e9 \u00e0 organiser des r\u00e9unions techniques avec les diff\u00e9rentes entit\u00e9s concern\u00e9es pour enrichir le document, en vue de garantir une attribution plus transparente et plus efficiente des march\u00e9s publics.<br \/>\n(avec Ami)<\/p>\n","protected":false},"excerpt":{"rendered":"<p>Le Premier ministre mauritanien, M. El Moctar Ould Djay, a pr\u00e9sid\u00e9 ce lundi une r\u00e9union du comit\u00e9 minist\u00e9riel charg\u00e9 d\u2019examiner une \u00e9tude sur l\u2019\u00e9tat de la commande publique nationale et le code des march\u00e9s publics. Cette rencontre s\u2019inscrit dans le cadre des orientations du Pr\u00e9sident de la R\u00e9publique, M. Mohamed Ould Cheikh El Ghazouani, qui &hellip;<\/p>\n","protected":false},"author":2,"featured_media":18178,"comment_status":"open","ping_status":"open","sticky":false,"template":"","format":"standard","meta":{"footnotes":""},"categories":[18,2],"tags":[],"class_list":["post-18177","post","type-post","status-publish","format-standard","has-post-thumbnail","hentry","category-actualites","category-economie"],"_links":{"self":[{"href":"https:\/\/ladepeche.mr\/index.php?rest_route=\/wp\/v2\/posts\/18177","targetHints":{"allow":["GET"]}}],"collection":[{"href":"https:\/\/ladepeche.mr\/index.php?rest_route=\/wp\/v2\/posts"}],"about":[{"href":"https:\/\/ladepeche.mr\/index.php?rest_route=\/wp\/v2\/types\/post"}],"author":[{"embeddable":true,"href":"https:\/\/ladepeche.mr\/index.php?rest_route=\/wp\/v2\/users\/2"}],"replies":[{"embeddable":true,"href":"https:\/\/ladepeche.mr\/index.php?rest_route=%2Fwp%2Fv2%2Fcomments&post=18177"}],"version-history":[{"count":2,"href":"https:\/\/ladepeche.mr\/index.php?rest_route=\/wp\/v2\/posts\/18177\/revisions"}],"predecessor-version":[{"id":18180,"href":"https:\/\/ladepeche.mr\/index.php?rest_route=\/wp\/v2\/posts\/18177\/revisions\/18180"}],"wp:featuredmedia":[{"embeddable":true,"href":"https:\/\/ladepeche.mr\/index.php?rest_route=\/wp\/v2\/media\/18178"}],"wp:attachment":[{"href":"https:\/\/ladepeche.mr\/index.php?rest_route=%2Fwp%2Fv2%2Fmedia&parent=18177"}],"wp:term":[{"taxonomy":"category","embeddable":true,"href":"https:\/\/ladepeche.mr\/index.php?rest_route=%2Fwp%2Fv2%2Fcategories&post=18177"},{"taxonomy":"post_tag","embeddable":true,"href":"https:\/\/ladepeche.mr\/index.php?rest_route=%2Fwp%2Fv2%2Ftags&post=18177"}],"curies":[{"name":"wp","href":"https:\/\/api.w.org\/{rel}","templated":true}]}}