{"id":18183,"date":"2025-09-17T12:32:10","date_gmt":"2025-09-17T12:32:10","guid":{"rendered":"https:\/\/ladepeche.mr\/?p=18183"},"modified":"2025-09-17T12:33:43","modified_gmt":"2025-09-17T12:33:43","slug":"le-president-ghazouani-procede-a-la-pose-la-premiere-pierre-de-lhopital-universitaire-roi-salman-bin-abdulaziz","status":"publish","type":"post","link":"https:\/\/ladepeche.mr\/?p=18183","title":{"rendered":"Le Pr\u00e9sident Ghazouani proc\u00e8de \u00e0 la pose de la premi\u00e8re pierre de l\u2019H\u00f4pital Universitaire Roi Salman bin Abdulaziz"},"content":{"rendered":"<p>Son Excellence le Pr\u00e9sident de la R\u00e9publique, Mohamed Ould Cheikh El Ghazouani, a pr\u00e9sid\u00e9 mardi \u00e0 Dar Naim (wilaya de Nouakchott Nord) la c\u00e9r\u00e9monie de pose de la premi\u00e8re pierre de l\u2019H\u00f4pital Universitaire Roi Salman bin Abdulaziz.<br \/>\nUn projet d\u2019envergure<br \/>\nCe nouvel \u00e9tablissement hospitalier, financ\u00e9 \u00e0 hauteur de 70 millions de dollars par le Fonds Saoudien pour le D\u00e9veloppement, s\u2019inscrit dans la strat\u00e9gie nationale d\u2019am\u00e9lioration des services de sant\u00e9 et des infrastructures m\u00e9dicales.<br \/>\nDot\u00e9 de 308 lits r\u00e9partis sur 6 \u00e9tages, l\u2019h\u00f4pital comprendra :<br \/>\n181 chambres d\u2019hospitalisation (individuelles, doubles et VIP)<br \/>\n12 salles d\u2019op\u00e9ration de pointe<br \/>\nUn service de radiologie complet (IRM, scanners, \u00e9chographie, etc.)<br \/>\nUn service de dialyse, des laboratoires, une pharmacie centrale, une mosqu\u00e9e, des services de restauration et un amphith\u00e9\u00e2tre.<br \/>\nDur\u00e9e et supervision des travaux<br \/>\nLe chantier durera 34 mois, supervis\u00e9 par le bureau d\u2019ing\u00e9nierie Al-Amro et suivi par le groupe m\u00e9dical Dr. Sulaiman Al-Habib.<br \/>\nInterventions officielles<br \/>\nLe Ministre de la Sant\u00e9, Mohamed Abdellahi Ould Weddih, a salu\u00e9 l\u2019engagement du Pr\u00e9sident en faveur de la sant\u00e9, soulignant les avanc\u00e9es du secteur \u00e0 travers une politique de modernisation, d\u2019extension des infrastructures et d\u2019am\u00e9lioration de la qualit\u00e9 des soins.<br \/>\nLa Pr\u00e9sidente de la r\u00e9gion de Nouakchott, Fatimetou Mint Abdel Malick, a insist\u00e9 sur l\u2019impact positif de l\u2019h\u00f4pital sur l\u2019acc\u00e8s aux soins et la r\u00e9duction de la pression sur les \u00e9tablissements existants.<br \/>\nLe Maire de Dar Naim, Momma Ould El Koutoub Ould Momma, a salu\u00e9 ce projet comme un fruit de la coop\u00e9ration entre la Mauritanie et l\u2019Arabie Saoudite.<br \/>\nLe PDG du Fonds Saoudien pour le D\u00e9veloppement, Sultan bin Abdul Rahman Al-Marshad, a affirm\u00e9 que l\u2019h\u00f4pital jouera un r\u00f4le central dans la formation m\u00e9dicale, et servira de r\u00e9f\u00e9rence nationale pour 15 h\u00f4pitaux dans le pays.<br \/>\nPr\u00e9sences notables<br \/>\nLa c\u00e9r\u00e9monie de pose de la premi\u00e8re pierre a eu lieu en pr\u00e9sence de nombreuses personnalit\u00e9s, dont le Premier ministre El Moctar Ould Djay, des membres du gouvernement ainsi que des autorit\u00e9s locales et ci corps diplomatique accr\u00e9dit\u00e9 \u00e0 Nouakchott.<\/p>\n","protected":false},"excerpt":{"rendered":"<p>Son Excellence le Pr\u00e9sident de la R\u00e9publique, Mohamed Ould Cheikh El Ghazouani, a pr\u00e9sid\u00e9 mardi \u00e0 Dar Naim (wilaya de Nouakchott Nord) la c\u00e9r\u00e9monie de pose de la premi\u00e8re pierre de l\u2019H\u00f4pital Universitaire Roi Salman bin Abdulaziz. Un projet d\u2019envergure Ce nouvel \u00e9tablissement hospitalier, financ\u00e9 \u00e0 hauteur de 70 millions de dollars par le Fonds &hellip;<\/p>\n","protected":false},"author":2,"featured_media":18185,"comment_status":"open","ping_status":"open","sticky":false,"template":"","format":"standard","meta":{"footnotes":""},"categories":[18,27],"tags":[],"class_list":["post-18183","post","type-post","status-publish","format-standard","has-post-thumbnail","hentry","category-actualites","category-sante"],"_links":{"self":[{"href":"https:\/\/ladepeche.mr\/index.php?rest_route=\/wp\/v2\/posts\/18183","targetHints":{"allow":["GET"]}}],"collection":[{"href":"https:\/\/ladepeche.mr\/index.php?rest_route=\/wp\/v2\/posts"}],"about":[{"href":"https:\/\/ladepeche.mr\/index.php?rest_route=\/wp\/v2\/types\/post"}],"author":[{"embeddable":true,"href":"https:\/\/ladepeche.mr\/index.php?rest_route=\/wp\/v2\/users\/2"}],"replies":[{"embeddable":true,"href":"https:\/\/ladepeche.mr\/index.php?rest_route=%2Fwp%2Fv2%2Fcomments&post=18183"}],"version-history":[{"count":4,"href":"https:\/\/ladepeche.mr\/index.php?rest_route=\/wp\/v2\/posts\/18183\/revisions"}],"predecessor-version":[{"id":18188,"href":"https:\/\/ladepeche.mr\/index.php?rest_route=\/wp\/v2\/posts\/18183\/revisions\/18188"}],"wp:featuredmedia":[{"embeddable":true,"href":"https:\/\/ladepeche.mr\/index.php?rest_route=\/wp\/v2\/media\/18185"}],"wp:attachment":[{"href":"https:\/\/ladepeche.mr\/index.php?rest_route=%2Fwp%2Fv2%2Fmedia&parent=18183"}],"wp:term":[{"taxonomy":"category","embeddable":true,"href":"https:\/\/ladepeche.mr\/index.php?rest_route=%2Fwp%2Fv2%2Fcategories&post=18183"},{"taxonomy":"post_tag","embeddable":true,"href":"https:\/\/ladepeche.mr\/index.php?rest_route=%2Fwp%2Fv2%2Ftags&post=18183"}],"curies":[{"name":"wp","href":"https:\/\/api.w.org\/{rel}","templated":true}]}}