{"id":18190,"date":"2025-09-17T13:00:28","date_gmt":"2025-09-17T13:00:28","guid":{"rendered":"https:\/\/ladepeche.mr\/?p=18190"},"modified":"2025-09-17T12:44:14","modified_gmt":"2025-09-17T12:44:14","slug":"energie-le-gouvernement-souhaite-elargir-la-cooperation-energetique-avec-le-fonds-saoudien-pour-le-developpement","status":"publish","type":"post","link":"https:\/\/ladepeche.mr\/?p=18190","title":{"rendered":"Energie- le gouvernement souhaite \u00e9largir la coop\u00e9ration \u00e9nerg\u00e9tique avec le Fonds saoudien pour le d\u00e9veloppement"},"content":{"rendered":"<p>Le ministre mauritanien de l\u2019\u00c9nergie et du P\u00e9trole, Mohamed Ould Khaled, a re\u00e7u mardi \u00e0 Nouakchott une d\u00e9l\u00e9gation saoudienne conduite par le PDG du Fonds saoudien pour le d\u00e9veloppement, Sultan bin Abdul Rahman Al-Marshad.<br \/>\nLors de la r\u00e9union, le ministre a salu\u00e9 le r\u00f4le du Fonds dans le financement de projets vitaux en Mauritanie, soulignant son impact sur les infrastructures et la croissance \u00e9conomique du pays. Il a \u00e9galement mis en avant la solidit\u00e9 des relations entre la Mauritanie et l\u2019Arabie saoudite, fond\u00e9es sur une coop\u00e9ration \u00e9troite et des objectifs communs de d\u00e9veloppement.<br \/>\nM. Ould Khaled a indiqu\u00e9 que la Mauritanie travaille actuellement au d\u00e9veloppement de projets strat\u00e9giques dans les domaines du gaz, de l\u2019\u00e9lectricit\u00e9 et des \u00e9nergies renouvelables, et a exprim\u00e9 le souhait de renforcer les partenariats avec le Royaume saoudien, notamment \u00e0 travers le Fonds.<br \/>\nLa r\u00e9union s\u2019est tenue en pr\u00e9sence de plusieurs hauts responsables mauritaniens et saoudiens, dont l\u2019ambassadeur d\u2019Arabie saoudite en Mauritanie, Dr Abdulaziz bin Abdullah Al-Raqabi, ainsi que des repr\u00e9sentants du minist\u00e8re mauritanien de l\u2019\u00c9conomie et du groupe SOMELEC.<\/p>\n","protected":false},"excerpt":{"rendered":"<p>Le ministre mauritanien de l\u2019\u00c9nergie et du P\u00e9trole, Mohamed Ould Khaled, a re\u00e7u mardi \u00e0 Nouakchott une d\u00e9l\u00e9gation saoudienne conduite par le PDG du Fonds saoudien pour le d\u00e9veloppement, Sultan bin Abdul Rahman Al-Marshad. Lors de la r\u00e9union, le ministre a salu\u00e9 le r\u00f4le du Fonds dans le financement de projets vitaux en Mauritanie, soulignant &hellip;<\/p>\n","protected":false},"author":2,"featured_media":18191,"comment_status":"open","ping_status":"open","sticky":false,"template":"","format":"standard","meta":{"footnotes":""},"categories":[18,2],"tags":[],"class_list":["post-18190","post","type-post","status-publish","format-standard","has-post-thumbnail","hentry","category-actualites","category-economie"],"_links":{"self":[{"href":"https:\/\/ladepeche.mr\/index.php?rest_route=\/wp\/v2\/posts\/18190","targetHints":{"allow":["GET"]}}],"collection":[{"href":"https:\/\/ladepeche.mr\/index.php?rest_route=\/wp\/v2\/posts"}],"about":[{"href":"https:\/\/ladepeche.mr\/index.php?rest_route=\/wp\/v2\/types\/post"}],"author":[{"embeddable":true,"href":"https:\/\/ladepeche.mr\/index.php?rest_route=\/wp\/v2\/users\/2"}],"replies":[{"embeddable":true,"href":"https:\/\/ladepeche.mr\/index.php?rest_route=%2Fwp%2Fv2%2Fcomments&post=18190"}],"version-history":[{"count":1,"href":"https:\/\/ladepeche.mr\/index.php?rest_route=\/wp\/v2\/posts\/18190\/revisions"}],"predecessor-version":[{"id":18192,"href":"https:\/\/ladepeche.mr\/index.php?rest_route=\/wp\/v2\/posts\/18190\/revisions\/18192"}],"wp:featuredmedia":[{"embeddable":true,"href":"https:\/\/ladepeche.mr\/index.php?rest_route=\/wp\/v2\/media\/18191"}],"wp:attachment":[{"href":"https:\/\/ladepeche.mr\/index.php?rest_route=%2Fwp%2Fv2%2Fmedia&parent=18190"}],"wp:term":[{"taxonomy":"category","embeddable":true,"href":"https:\/\/ladepeche.mr\/index.php?rest_route=%2Fwp%2Fv2%2Fcategories&post=18190"},{"taxonomy":"post_tag","embeddable":true,"href":"https:\/\/ladepeche.mr\/index.php?rest_route=%2Fwp%2Fv2%2Ftags&post=18190"}],"curies":[{"name":"wp","href":"https:\/\/api.w.org\/{rel}","templated":true}]}}