{"id":18196,"date":"2025-09-17T17:09:15","date_gmt":"2025-09-17T17:09:15","guid":{"rendered":"https:\/\/ladepeche.mr\/?p=18196"},"modified":"2025-09-17T17:09:15","modified_gmt":"2025-09-17T17:09:15","slug":"revision-des-prix-des-produits-de-base-un-accord-signe-entre-le-gouvernement-et-la-federation-du-commerce","status":"publish","type":"post","link":"https:\/\/ladepeche.mr\/?p=18196","title":{"rendered":"R\u00e9vision des prix des produits de base : un accord sign\u00e9 entre le gouvernement et la F\u00e9d\u00e9ration du Commerce"},"content":{"rendered":"<p>Le minist\u00e8re du Commerce et du Tourisme et la F\u00e9d\u00e9ration du Commerce ont conclu, ce mardi, un accord visant \u00e0 r\u00e9viser les prix des produits de base les plus consomm\u00e9s. La c\u00e9r\u00e9monie de signature s\u2019est tenue au si\u00e8ge du minist\u00e8re, sous la pr\u00e9sidence de la Ministre du Commerce et du Tourisme, Mme Zeinebou Mint Ahmednah. \u00c9taient \u00e9galement pr\u00e9sents le Ministre de l\u2019Agriculture et de la Souverainet\u00e9 alimentaire, M. Memma Ould Beibatte, ainsi que M. Mohamed Abeh El Jilani, Conseiller du Premier ministre.<br \/>\nL\u2019accord a \u00e9t\u00e9 sign\u00e9 par le Secr\u00e9taire g\u00e9n\u00e9ral du minist\u00e8re, M. Amadou El Hadj Gueye, et le Pr\u00e9sident de la F\u00e9d\u00e9ration du Commerce, M. Mahmoud Riyadh.<\/p>\n<p>Nouveaux prix fix\u00e9s<br \/>\nLes prix des denr\u00e9es concern\u00e9es sont d\u00e9sormais les suivants :<br \/>\n-Sucre :<br \/>\n 26 nouvelles ouguiyas\/kg (gros)<br \/>\n 26,3 nouvelles ouguiyas\/kg (demi-gros)<br \/>\n 28 nouvelles ouguiyas\/kg (d\u00e9tail)<\/p>\n<p>-Riz mauritanien de haute qualit\u00e9 :<br \/>\n 28 nouvelles ouguiyas\/kg (gros)<br \/>\n 28,4 nouvelles ouguiyas\/kg (demi-gros)<br \/>\n 30 nouvelles ouguiyas\/kg (d\u00e9tail)<\/p>\n<p>-Huile de cuisson (bouteille de 20 litres):<br \/>\n 54 nouvelles ouguiyas\/litre (gros)<br \/>\n 55 nouvelles ouguiyas\/litre (demi-gros)<br \/>\n 57 nouvelles ouguiyas\/litre (d\u00e9tail)<\/p>\n<p>Les prix du bl\u00e9 et du lait concentr\u00e9 (OMELA) restent inchang\u00e9s, conform\u00e9ment \u00e0 la pr\u00e9c\u00e9dente r\u00e9vision.<\/p>\n<p>Baisse notable des prix<br \/>\nCette nouvelle tarification marque une baisse significative des prix par rapport \u00e0 la p\u00e9riode pr\u00e9c\u00e9dente. L\u2019huile a ainsi diminu\u00e9 de 50 anciennes ouguiyas par litre, tandis que le sucre et le riz ont chacun enregistr\u00e9 une baisse de 20 anciennes ouguiyas par kilogramme.<\/p>\n<p>Une volont\u00e9 politique r\u00e9affirm\u00e9e<br \/>\nDans son intervention, la Ministre du Commerce et du Tourisme a soulign\u00e9 que cet accord est le fruit d\u2019une s\u00e9rie de rencontres constructives avec la F\u00e9d\u00e9ration du Commerce. Elle a rappel\u00e9 qu\u2019il s\u2019inscrit dans le cadre des orientations du Pr\u00e9sident de la R\u00e9publique, M. Mohamed Ould Cheikh El Ghazouani, visant \u00e0 am\u00e9liorer les conditions de vie des citoyens, ainsi que dans la mise en \u0153uvre des directives du Premier ministre, M. El Moctar Ould Djay, en mati\u00e8re de suivi du march\u00e9.<br \/>\nLa ministre a pr\u00e9cis\u00e9 que cet accord restera en vigueur jusqu\u2019en janvier 2026.<br \/>\nDe son c\u00f4t\u00e9, le Pr\u00e9sident de la F\u00e9d\u00e9ration du Commerce, M. Mahmoud Riyadh, a salu\u00e9 les efforts du gouvernement et a mis en avant la qualit\u00e9 du partenariat entre la F\u00e9d\u00e9ration et le minist\u00e8re. Il a not\u00e9 que chaque r\u00e9union conjointe a permis d\u2019aboutir \u00e0 des r\u00e9ductions de prix sur plusieurs produits essentiels.<br \/>\nLa r\u00e9union a \u00e9galement r\u00e9uni plusieurs cadres du minist\u00e8re ainsi que des membres de la F\u00e9d\u00e9ration du Commerce.<br \/>\n(avec Ami)<\/p>\n","protected":false},"excerpt":{"rendered":"<p>Le minist\u00e8re du Commerce et du Tourisme et la F\u00e9d\u00e9ration du Commerce ont conclu, ce mardi, un accord visant \u00e0 r\u00e9viser les prix des produits de base les plus consomm\u00e9s. La c\u00e9r\u00e9monie de signature s\u2019est tenue au si\u00e8ge du minist\u00e8re, sous la pr\u00e9sidence de la Ministre du Commerce et du Tourisme, Mme Zeinebou Mint Ahmednah. &hellip;<\/p>\n","protected":false},"author":2,"featured_media":18197,"comment_status":"open","ping_status":"open","sticky":false,"template":"","format":"standard","meta":{"footnotes":""},"categories":[18,2],"tags":[],"class_list":["post-18196","post","type-post","status-publish","format-standard","has-post-thumbnail","hentry","category-actualites","category-economie"],"_links":{"self":[{"href":"https:\/\/ladepeche.mr\/index.php?rest_route=\/wp\/v2\/posts\/18196","targetHints":{"allow":["GET"]}}],"collection":[{"href":"https:\/\/ladepeche.mr\/index.php?rest_route=\/wp\/v2\/posts"}],"about":[{"href":"https:\/\/ladepeche.mr\/index.php?rest_route=\/wp\/v2\/types\/post"}],"author":[{"embeddable":true,"href":"https:\/\/ladepeche.mr\/index.php?rest_route=\/wp\/v2\/users\/2"}],"replies":[{"embeddable":true,"href":"https:\/\/ladepeche.mr\/index.php?rest_route=%2Fwp%2Fv2%2Fcomments&post=18196"}],"version-history":[{"count":1,"href":"https:\/\/ladepeche.mr\/index.php?rest_route=\/wp\/v2\/posts\/18196\/revisions"}],"predecessor-version":[{"id":18198,"href":"https:\/\/ladepeche.mr\/index.php?rest_route=\/wp\/v2\/posts\/18196\/revisions\/18198"}],"wp:featuredmedia":[{"embeddable":true,"href":"https:\/\/ladepeche.mr\/index.php?rest_route=\/wp\/v2\/media\/18197"}],"wp:attachment":[{"href":"https:\/\/ladepeche.mr\/index.php?rest_route=%2Fwp%2Fv2%2Fmedia&parent=18196"}],"wp:term":[{"taxonomy":"category","embeddable":true,"href":"https:\/\/ladepeche.mr\/index.php?rest_route=%2Fwp%2Fv2%2Fcategories&post=18196"},{"taxonomy":"post_tag","embeddable":true,"href":"https:\/\/ladepeche.mr\/index.php?rest_route=%2Fwp%2Fv2%2Ftags&post=18196"}],"curies":[{"name":"wp","href":"https:\/\/api.w.org\/{rel}","templated":true}]}}