{"id":18202,"date":"2025-09-17T21:04:06","date_gmt":"2025-09-17T21:04:06","guid":{"rendered":"https:\/\/ladepeche.mr\/?p=18202"},"modified":"2025-09-17T21:04:06","modified_gmt":"2025-09-17T21:04:06","slug":"communique-du-conseil-des-ministres-du-mercredi-17-septembre-2025","status":"publish","type":"post","link":"https:\/\/ladepeche.mr\/?p=18202","title":{"rendered":"Communiqu\u00e9 du Conseil des Ministres du mercredi 17 septembre 2025"},"content":{"rendered":"<p>Le Conseil des Ministres s\u2019est r\u00e9uni le Mercredi 17 septembre 2025, sous la Pr\u00e9sidence de Son Excellence Monsieur Mohamed OULD CHEIKH EL-GHAZOUANI, Pr\u00e9sident de la R\u00e9publique.<\/p>\n<p>Le Conseil a examin\u00e9 et approuv\u00e9 un projet de loi relatif \u00e0 la ratification de la Charte constitutive de l\u2019Organisation Mondiale de l\u2019Eau, sign\u00e9e \u00e0 Ryad le 28 mai 2025.<\/p>\n<p>L\u2019adh\u00e9sion \u00e0 cette organisation permettra \u00e0 notre pays de renforcer ses partenariats avec d\u2019autres nations et de contribuer \u00e0 une gestion collective et durable des ressources hydriques. Cela s\u2019inscrit dans notre engagement \u00e0 promouvoir la paix, la stabilit\u00e9 et le d\u00e9veloppement r\u00e9gional et international, tout en respectant nos responsabilit\u00e9s environnementales.<\/p>\n<p>L\u2019adh\u00e9sion \u00e0 cette nouvelle organisation devrait particuli\u00e8rement contribuer \u00e0 la mise en \u0153uvre de l\u2019objectif 6 des ODD appelant \u00e0 garantir l\u2019acc\u00e8s \u00e0 l\u2019eau et l\u2019assainissement. Il en va de m\u00eame pour la Vision Africaine de l\u2019eau.<\/p>\n<p>Le Conseil a \u00e9galement examin\u00e9 et adopt\u00e9 les projets de d\u00e9crets suivants :<\/p>\n<p>\u2013 Projet de d\u00e9cret portant cr\u00e9ation d\u2019une base de donn\u00e9es sp\u00e9ciale pour les m\u00e9nages pauvres et \/ou vuln\u00e9rables, touch\u00e9s par les catastrophes<\/p>\n<p>Le pr\u00e9sent projet de d\u00e9cret vise la cr\u00e9ation d\u2019une base de donn\u00e9es sp\u00e9ciale d\u00e9di\u00e9e aux m\u00e9nages affect\u00e9s par les catastrophes, en vue d\u2019atteindre les objectifs sp\u00e9cifiques suivants :<\/p>\n<p>\u2022 Mettre en place un cadre formel de coop\u00e9ration entre la D\u00e9l\u00e9gation G\u00e9n\u00e9rale \u00e0 la S\u00e9curit\u00e9 Civile et \u00e0 la Gestion des Crises et le Programme National du Registre Social.<\/p>\n<p>\u2022 Identifier les m\u00e9nages pauvres et vuln\u00e9rables touch\u00e9s par les catastrophes sur toute l\u2019\u00e9tendue du territoire national.<\/p>\n<p>\u2022 Garantir une aide rapide aux cat\u00e9gories vuln\u00e9rables tout en favorisant l\u2019inclusivit\u00e9 et la sensibilit\u00e9 au genre et handicap.<\/p>\n<p>\u2022 Centraliser les donn\u00e9es socio-\u00e9conomiques des m\u00e9nages affect\u00e9s.<\/p>\n<p>\u2022 Faciliter l\u2019op\u00e9ration de ciblage dans le cadre des interventions sociales et humanitaires.<\/p>\n<p>\u2022 Renforcer la coordination entre les diff\u00e9rents acteurs de la r\u00e9ponse aux crises et les programmes et projets sociaux.<\/p>\n<p>\u2022 Evaluer les capacit\u00e9s de rel\u00e8vement des m\u00e9nages impact\u00e9s.<\/p>\n<p>\u2022 Faciliter le ciblage des b\u00e9n\u00e9ficiaires des activit\u00e9s de rel\u00e8vement post-crises.<\/p>\n<p>\u2013 Projet de d\u00e9cret modifiant certaines dispositions du d\u00e9cret n\u00b0 2021-017 du 08 f\u00e9vrier 2021 portant cr\u00e9ation d\u2019un \u00e9tablissement public \u00e0 caract\u00e8re administratif d\u00e9nomm\u00e9 \u00ab Agence de Promotion des Investissements en Mauritanie \u00bb (APIM) et fixant les r\u00e8gles de son organisation et de son fonctionnement.<\/p>\n<p>Le pr\u00e9sent projet de d\u00e9cret s\u2019inscrit dans le cadre des efforts continus du Gouvernement visant \u00e0 impulser et op\u00e9rationnaliser davantage la politique nationale de promotion de l\u2019investissement et des petites et moyennes entreprises (PME) en vue d\u2019accro\u00eetre les capacit\u00e9s productives du pays, la cr\u00e9ation d\u2019emplois et la g\u00e9n\u00e9ration de revenus pour le bien-\u00eatre et la prosp\u00e9rit\u00e9 de nos concitoyens.<\/p>\n<p>Pour ce faire, il vise \u00e0 initier la r\u00e9forme de l\u2019entit\u00e9 op\u00e9rationnelle du Gouvernement en la mati\u00e8re, qu\u2019est l\u2019Agence pour la Promotion de l\u2019Investissement en Mauritanie (APIM).<\/p>\n<p>\u2013 Projet de d\u00e9cret portant mise en place de l\u2019approche du Financement Bas\u00e9 sur la Performance.<\/p>\n<p>Ce projet de d\u00e9cret vise \u00e0 instaurer en Mauritanie l\u2019approche du Financement Bas\u00e9 sur la Performance (PBF). Cette r\u00e9forme a pour finalit\u00e9 de lier l\u2019allocation des ressources publiques aux r\u00e9sultats obtenus par les structures sanitaires et sociales, afin d\u2019am\u00e9liorer la qualit\u00e9, l\u2019efficience et l\u2019\u00e9quit\u00e9 des services rendus \u00e0 la population.<\/p>\n<p>Cette nouvelle r\u00e9forme vise \u00e0 promouvoir d\u2019avantage le personnel de sant\u00e9 et les communaut\u00e9s locales au c\u0153ur du dispositif, en renfor\u00e7ant leur motivation et leur r\u00f4le dans l\u2019am\u00e9lioration de la qualit\u00e9 des services de sant\u00e9. Elle pr\u00e9voit \u00e9galement un m\u00e9canisme de sanctions administratives et financi\u00e8res en cas de manquement aux engagements contractuels.<\/p>\n<p>\u2013 Projet de d\u00e9cret portant attribution du permis de recherche n\u00b0 3637 pour les substances du groupe 2 dans la zone de S\u00e9libaby (Wilaya du Guidimagha) au profit de la Soci\u00e9t\u00e9 SD Mining Mauritanie.<\/p>\n<p>Ce projet de d\u00e9cret vise \u00e0 octroyer un permis de recherche \u00e0 cette entreprise qui cherche \u00e0 diversifier ses activit\u00e9s dans le secteur minier de notre pays, compte tenu de son \u00e9norme potentiel, notamment dans les domaines du fer et de l\u2019or.<\/p>\n<p>\u2013 Projet de d\u00e9cret portant nomination du pr\u00e9sident et des membres de Conseil d\u2019Administration de la Soci\u00e9t\u00e9 Toumour Mauritania.<\/p>\n<p>Le Ministre des Affaires \u00c9trang\u00e8res, de la Coop\u00e9ration Africaine et des Mauritaniens de l\u2019Ext\u00e9rieur a pr\u00e9sent\u00e9 une communication relative \u00e0 la situation internationale.<\/p>\n<p>Le Ministre de l\u2019Int\u00e9rieur, de la Promotion de la D\u00e9centralisation et du D\u00e9veloppement Local a pr\u00e9sent\u00e9 une communication relative \u00e0 la situation int\u00e9rieure.<\/p>\n<p>Enfin, le Conseil a pris les deux mesures individuelles suivantes :<\/p>\n<p>Minist\u00e8re de l\u2019\u00c9conomie et des Finances<\/p>\n<p>Cabinet du Ministre<\/p>\n<p>\u2010 Charg\u00e9 de Mission : Mohamed Yeslem El VILALI, titulaire d\u2019un Master en Finance.<\/p>\n<p>\u2010 Conseiller Technique charg\u00e9 des Affaires Juridiques : Sid El Moctar AHMED VALL, titulaire d\u2019un Doctorat en Droit Priv\u00e9 des Affaires, pr\u00e9c\u00e9demment Chef du D\u00e9partement de Droit Priv\u00e9 \u00e0 la Facult\u00e9 des Sciences Juridiques et Politiques de l\u2019Universit\u00e9 de Nouakchott.<br \/>\nAmi<\/p>\n","protected":false},"excerpt":{"rendered":"<p>Le Conseil des Ministres s\u2019est r\u00e9uni le Mercredi 17 septembre 2025, sous la Pr\u00e9sidence de Son Excellence Monsieur Mohamed OULD CHEIKH EL-GHAZOUANI, Pr\u00e9sident de la R\u00e9publique. Le Conseil a examin\u00e9 et approuv\u00e9 un projet de loi relatif \u00e0 la ratification de la Charte constitutive de l\u2019Organisation Mondiale de l\u2019Eau, sign\u00e9e \u00e0 Ryad le 28 mai &hellip;<\/p>\n","protected":false},"author":2,"featured_media":16698,"comment_status":"open","ping_status":"open","sticky":false,"template":"","format":"standard","meta":{"footnotes":""},"categories":[18,31],"tags":[],"class_list":["post-18202","post","type-post","status-publish","format-standard","has-post-thumbnail","hentry","category-actualites","category-politique-et-reportages"],"_links":{"self":[{"href":"https:\/\/ladepeche.mr\/index.php?rest_route=\/wp\/v2\/posts\/18202","targetHints":{"allow":["GET"]}}],"collection":[{"href":"https:\/\/ladepeche.mr\/index.php?rest_route=\/wp\/v2\/posts"}],"about":[{"href":"https:\/\/ladepeche.mr\/index.php?rest_route=\/wp\/v2\/types\/post"}],"author":[{"embeddable":true,"href":"https:\/\/ladepeche.mr\/index.php?rest_route=\/wp\/v2\/users\/2"}],"replies":[{"embeddable":true,"href":"https:\/\/ladepeche.mr\/index.php?rest_route=%2Fwp%2Fv2%2Fcomments&post=18202"}],"version-history":[{"count":1,"href":"https:\/\/ladepeche.mr\/index.php?rest_route=\/wp\/v2\/posts\/18202\/revisions"}],"predecessor-version":[{"id":18203,"href":"https:\/\/ladepeche.mr\/index.php?rest_route=\/wp\/v2\/posts\/18202\/revisions\/18203"}],"wp:featuredmedia":[{"embeddable":true,"href":"https:\/\/ladepeche.mr\/index.php?rest_route=\/wp\/v2\/media\/16698"}],"wp:attachment":[{"href":"https:\/\/ladepeche.mr\/index.php?rest_route=%2Fwp%2Fv2%2Fmedia&parent=18202"}],"wp:term":[{"taxonomy":"category","embeddable":true,"href":"https:\/\/ladepeche.mr\/index.php?rest_route=%2Fwp%2Fv2%2Fcategories&post=18202"},{"taxonomy":"post_tag","embeddable":true,"href":"https:\/\/ladepeche.mr\/index.php?rest_route=%2Fwp%2Fv2%2Ftags&post=18202"}],"curies":[{"name":"wp","href":"https:\/\/api.w.org\/{rel}","templated":true}]}}