{"id":18204,"date":"2025-09-18T11:16:42","date_gmt":"2025-09-18T11:16:42","guid":{"rendered":"https:\/\/ladepeche.mr\/?p=18204"},"modified":"2025-09-18T11:16:42","modified_gmt":"2025-09-18T11:16:42","slug":"la-police-deloge-des-manifestants-a-tel-aviv-reclamant-un-cessez-le-feu-a-gaza","status":"publish","type":"post","link":"https:\/\/ladepeche.mr\/?p=18204","title":{"rendered":"La police d\u00e9loge des manifestants \u00e0 Tel Aviv r\u00e9clamant un cessez-le-feu \u00e0 Gaza"},"content":{"rendered":"<p>La police a \u00e9vacu\u00e9 de force les manifestants bloquant la rue Kaplan \u00e0 Tel Aviv mardi, alors que les protestations appelaient \u00e0 un cessez-le-feu imm\u00e9diat \u00e0 Gaza et \u00e0 la lib\u00e9ration de tous les otages restants.<br \/>\nDes manifestations similaires ont eu lieu \u00e0 J\u00e9rusalem, o\u00f9 les proches des otages ont install\u00e9 un camp devant la r\u00e9sidence du Premier ministre Benjamin Netanyahu.<\/p>\n<p>Les manifestations ont co\u00efncid\u00e9 avec l&#8217;annonce par l&#8217;arm\u00e9e isra\u00e9lienne d&#8217;une offensive terrestre majeure \u00e0 Gaza City apr\u00e8s des bombardements nocturnes. Al Jazeera a rapport\u00e9 qu&#8217;au moins 89 personnes, dont la plupart \u00e0 Gaza City, ont \u00e9t\u00e9 tu\u00e9es depuis l&#8217;aube.<br \/>\nLes manifestations ont \u00e9galement suivi la publication d&#8217;un rapport par la Commission internationale ind\u00e9pendante d&#8217;enqu\u00eate de l&#8217;ONU, qui a conclu qu&#8217;Isra\u00ebl commet un g\u00e9nocide \u00e0 Gaza selon quatre des cinq cat\u00e9gories de la convention de 1948.<\/p>\n<p>Isra\u00ebl a rejet\u00e9 cette accusation, invoquant son droit \u00e0 l&#8217;autod\u00e9fense apr\u00e8s l&#8217;attaque du Hamas le 7 octobre 2023, qui a tu\u00e9 plus de 1 100 personnes et a vu environ 250 personnes prises en otage. Les autorit\u00e9s sanitaires de Gaza rapportent plus de 64 800 personnes tu\u00e9es et plus de 164 000 bless\u00e9es depuis le d\u00e9but de la guerre.<br \/>\nhttps:\/\/www.msn.com\/fr-xl\/actualite\/other\/la-police-d%C3%A9loge-des-manifestants-%C3%A0-tel-aviv-r%C3%A9clamant-un-cessez-le-feu-%C3%A0-gaza\/ar-AA1MKLOe?ocid=msedgntp&#038;pc=U531&#038;cvid=68cbe6996c5d4b78924b7dd46acdbef6&#038;ei=74<\/p>\n","protected":false},"excerpt":{"rendered":"<p>La police a \u00e9vacu\u00e9 de force les manifestants bloquant la rue Kaplan \u00e0 Tel Aviv mardi, alors que les protestations appelaient \u00e0 un cessez-le-feu imm\u00e9diat \u00e0 Gaza et \u00e0 la lib\u00e9ration de tous les otages restants. Des manifestations similaires ont eu lieu \u00e0 J\u00e9rusalem, o\u00f9 les proches des otages ont install\u00e9 un camp devant la &hellip;<\/p>\n","protected":false},"author":2,"featured_media":18205,"comment_status":"open","ping_status":"open","sticky":false,"template":"","format":"standard","meta":{"footnotes":""},"categories":[18,29],"tags":[],"class_list":["post-18204","post","type-post","status-publish","format-standard","has-post-thumbnail","hentry","category-actualites","category-monde"],"_links":{"self":[{"href":"https:\/\/ladepeche.mr\/index.php?rest_route=\/wp\/v2\/posts\/18204","targetHints":{"allow":["GET"]}}],"collection":[{"href":"https:\/\/ladepeche.mr\/index.php?rest_route=\/wp\/v2\/posts"}],"about":[{"href":"https:\/\/ladepeche.mr\/index.php?rest_route=\/wp\/v2\/types\/post"}],"author":[{"embeddable":true,"href":"https:\/\/ladepeche.mr\/index.php?rest_route=\/wp\/v2\/users\/2"}],"replies":[{"embeddable":true,"href":"https:\/\/ladepeche.mr\/index.php?rest_route=%2Fwp%2Fv2%2Fcomments&post=18204"}],"version-history":[{"count":1,"href":"https:\/\/ladepeche.mr\/index.php?rest_route=\/wp\/v2\/posts\/18204\/revisions"}],"predecessor-version":[{"id":18206,"href":"https:\/\/ladepeche.mr\/index.php?rest_route=\/wp\/v2\/posts\/18204\/revisions\/18206"}],"wp:featuredmedia":[{"embeddable":true,"href":"https:\/\/ladepeche.mr\/index.php?rest_route=\/wp\/v2\/media\/18205"}],"wp:attachment":[{"href":"https:\/\/ladepeche.mr\/index.php?rest_route=%2Fwp%2Fv2%2Fmedia&parent=18204"}],"wp:term":[{"taxonomy":"category","embeddable":true,"href":"https:\/\/ladepeche.mr\/index.php?rest_route=%2Fwp%2Fv2%2Fcategories&post=18204"},{"taxonomy":"post_tag","embeddable":true,"href":"https:\/\/ladepeche.mr\/index.php?rest_route=%2Fwp%2Fv2%2Ftags&post=18204"}],"curies":[{"name":"wp","href":"https:\/\/api.w.org\/{rel}","templated":true}]}}