{"id":18207,"date":"2025-09-18T11:26:40","date_gmt":"2025-09-18T11:26:40","guid":{"rendered":"https:\/\/ladepeche.mr\/?p=18207"},"modified":"2025-09-18T11:26:40","modified_gmt":"2025-09-18T11:26:40","slug":"guerre-a-gaza-lue-presente-son-plan-de-sanctions-contre-israel","status":"publish","type":"post","link":"https:\/\/ladepeche.mr\/?p=18207","title":{"rendered":"Guerre \u00e0 Gaza : l&#8217;UE pr\u00e9sente son plan de sanctions contre Isra\u00ebl"},"content":{"rendered":"<p>La Commission europ\u00e9enne demande le gel du libre-\u00e9change avec Isra\u00ebl pourmettre fin \u00e0 la guerre \u00e0 Gaza.<\/p>\n<p>L&#8217;Union europ\u00e9enne a pr\u00e9sent\u00e9 mercredi son plan pour faire pression sur Isra\u00ebl afin qu&#8217;il mette fin \u00e0 la guerre \u00e0 Gaza.<\/p>\n<p>Alors que les Palestiniens sont entrain de fuir les chars, les drones et les troupes isra\u00e9liennes qui avancent sur le territoire ravag\u00e9 par 23 mois de guerre, la responsable de la politique \u00e9trang\u00e8re de l&#8217;Union europku\u00e9enne, a demand\u00e9 la suspension du libre-\u00e9change avec Isra\u00ebl et des sanctions \u00e0 l&#8217;encontre de deux ministres isra\u00e9liens d&#8217;extr\u00eame droite en r\u00e9ponse \u00e0 la crise humanitaire \u00e0 Gaza.<br \/>\nKaja Kallas a exhort\u00e9 les 27 \u00c9tats membres \u00e0 augmenter les droits de douane sur certains produits isra\u00e9liens et \u00e0 imposer des sanctions \u00e0 dix dirigeants du Hamas, \u00e0 des colons isra\u00e9liens et \u00e0 deux membres du cabinet du Premier ministre Benjamin Netanyahu : Itamar Ben-Gvir, ministre de la S\u00e9curit\u00e9 nationale, et Bezalel Smotrich, ministre des finances.<\/p>\n<p>\u00ab L&#8217;objectif n&#8217;est pas de punir Isra\u00ebl. L&#8217;objectif est d&#8217;am\u00e9liorer la situation humanitaire \u00e0 Gaza. Tous les \u00c9tats membres s&#8217;accordent \u00e0 dire que la situation \u00e0 Gaza est intenable. La guerre doit cesser. La souffrance doit cesser et tous les otages doivent \u00eatre lib\u00e9r\u00e9s. Nous devons utiliser tous les outils dont nous disposons pour parvenir \u00e0 ce r\u00e9sultat. Nous ne devons pas non plus perdre de vue l&#8217;\u00e9volution dangereuse de la situation en Cisjordanie, qui r\u00e9duit la viabilit\u00e9 d&#8217;une solution fond\u00e9e sur la coexistence de deux \u00c9tats. \u00bb, a d\u00e9clar\u00e9 Kaja Kallas, Haute repr\u00e9sentante de l&#8217;Union europ\u00e9enne.<br \/>\nPrincipal partenaire commercial d&#8217;Isra\u00ebl, l\u2019UE impose ainsi des droits de douane qui pourraient avoir des effets consid\u00e9rables sur l&#8217;\u00e9conomie isra\u00e9lienne. Environ 32 millions d&#8217;euros (37,5 millions de dollars) de fonds bilat\u00e9raux contr\u00f4l\u00e9s par la Commission europ\u00e9enne seraient imm\u00e9diatement suspendus.<\/p>\n<p>\u00ab Nous regrettons de devoir prendre cette mesure. Cependant, nous pensons qu&#8217;elle est \u00e0 la fois appropri\u00e9e et proportionn\u00e9e compte tenu de la crise humanitaire en cours \u00e0 Gaza. Le Conseil se prononcera sur cette mesure \u00e0 la majorit\u00e9 qualifi\u00e9e, tandis que le Parlement europ\u00e9en sera d\u00fbment inform\u00e9. \u00bb, a expliqu\u00e9 Maros \u0160ef\u010dovi\u010d, commissaire europ\u00e9en au commerce.<\/p>\n<p>Les memnres de l&#8217;Union europ\u00e9enne ont \u00e9t\u00e9 divis\u00e9s au cours des 23 derniers mois de guerre dans la bande de Gaza. Il n&#8217;est pas certain qu&#8217;une majorit\u00e9 se d\u00e9gage pour approuver les sanctions et les mesures commerciales.<br \/>\nhttps:\/\/www.msn.com\/fr-xl\/actualite\/other\/guerre-%C3%A0-gaza-l-ue-pr%C3%A9sente-son-plan-de-sanctions-contre-isra%C3%ABl\/ar-AA1MKZd2?ocid=msedgntp&#038;pc=U531&#038;cvid=68cbe6996c5d4b78924b7dd46acdbef6&#038;ei=31<\/p>\n","protected":false},"excerpt":{"rendered":"<p>La Commission europ\u00e9enne demande le gel du libre-\u00e9change avec Isra\u00ebl pourmettre fin \u00e0 la guerre \u00e0 Gaza. L&#8217;Union europ\u00e9enne a pr\u00e9sent\u00e9 mercredi son plan pour faire pression sur Isra\u00ebl afin qu&#8217;il mette fin \u00e0 la guerre \u00e0 Gaza. Alors que les Palestiniens sont entrain de fuir les chars, les drones et les troupes isra\u00e9liennes qui &hellip;<\/p>\n","protected":false},"author":2,"featured_media":18208,"comment_status":"open","ping_status":"open","sticky":false,"template":"","format":"standard","meta":{"footnotes":""},"categories":[18,29],"tags":[],"class_list":["post-18207","post","type-post","status-publish","format-standard","has-post-thumbnail","hentry","category-actualites","category-monde"],"_links":{"self":[{"href":"https:\/\/ladepeche.mr\/index.php?rest_route=\/wp\/v2\/posts\/18207","targetHints":{"allow":["GET"]}}],"collection":[{"href":"https:\/\/ladepeche.mr\/index.php?rest_route=\/wp\/v2\/posts"}],"about":[{"href":"https:\/\/ladepeche.mr\/index.php?rest_route=\/wp\/v2\/types\/post"}],"author":[{"embeddable":true,"href":"https:\/\/ladepeche.mr\/index.php?rest_route=\/wp\/v2\/users\/2"}],"replies":[{"embeddable":true,"href":"https:\/\/ladepeche.mr\/index.php?rest_route=%2Fwp%2Fv2%2Fcomments&post=18207"}],"version-history":[{"count":1,"href":"https:\/\/ladepeche.mr\/index.php?rest_route=\/wp\/v2\/posts\/18207\/revisions"}],"predecessor-version":[{"id":18209,"href":"https:\/\/ladepeche.mr\/index.php?rest_route=\/wp\/v2\/posts\/18207\/revisions\/18209"}],"wp:featuredmedia":[{"embeddable":true,"href":"https:\/\/ladepeche.mr\/index.php?rest_route=\/wp\/v2\/media\/18208"}],"wp:attachment":[{"href":"https:\/\/ladepeche.mr\/index.php?rest_route=%2Fwp%2Fv2%2Fmedia&parent=18207"}],"wp:term":[{"taxonomy":"category","embeddable":true,"href":"https:\/\/ladepeche.mr\/index.php?rest_route=%2Fwp%2Fv2%2Fcategories&post=18207"},{"taxonomy":"post_tag","embeddable":true,"href":"https:\/\/ladepeche.mr\/index.php?rest_route=%2Fwp%2Fv2%2Ftags&post=18207"}],"curies":[{"name":"wp","href":"https:\/\/api.w.org\/{rel}","templated":true}]}}