{"id":18217,"date":"2025-09-18T12:49:44","date_gmt":"2025-09-18T12:49:44","guid":{"rendered":"https:\/\/ladepeche.mr\/?p=18217"},"modified":"2025-09-18T12:49:44","modified_gmt":"2025-09-18T12:49:44","slug":"suite-a-lagression-israelienne-contre-le-qatar-le-ccg-reactive-le-conseil-de-defense-conjoint","status":"publish","type":"post","link":"https:\/\/ladepeche.mr\/?p=18217","title":{"rendered":"Suite \u00e0 l\u2019agression Isra\u00e9lienne contre le Qatar: Le CCG r\u00e9active le conseil de d\u00e9fense conjoint"},"content":{"rendered":"<p>Loin est d\u00e9sormais le temps de la normalisation avec Israel. La paix \u00ab des braves \u00bb a \u00e9t\u00e9 ensevelie avec l\u2019assassinat de Y. Rabbin par les extr\u00e9mistes juifs. Aujourd\u2019hui, le temps est au contraire, \u00e0 la violence, \u00e0 la suspicion et \u00e0 l\u2019alerte continue du fait des intentions expansionnistes du gouvernement extr\u00e9miste B. Netanyahou et de son r\u00eave schizophr\u00e8ne du \u00abGrand Israel\u00bb. Mais ce n\u2019est pas tant Isra\u00e9l qui fait peur aujourd\u2019hui, depuis que son mythe d\u2019invuln\u00e9rabilit\u00e9 a \u00e9t\u00e9 foul\u00e9 au sol. Mais c\u2019est l\u2019attitude de l\u2019Administration Trump qui surprend notamment ses alli\u00e9s arabes comme le Qatar. Incapables sous J Biden de tenir la bride de leur alli\u00e9 isra\u00e9lien terroriste, la situation a encore empir\u00e9 avec la duplicit\u00e9 du Gouvernement Trump dont B. Netanyahou se moque \u00e9perdument; le cajolant avec des mots pour mener ses actions nocives dans le monde : poursuite du g\u00e9nocide \u00e0 Gaza, attaque contre l\u2019Iran, ensuite le Liban et la Syrie, et aujourd\u2019hui le Qatar. C\u2019est \u00e0 se demander \u00e0 qui sera le tour demain ? Pendant ce temps le MAGA qui a port\u00e9 D. Trump au pouvoir regarde impuissant son chef s\u2019attaquer aux NU, aux juges de la Cpi et \u00e0 bombarder T\u00e9h\u00e9ran en continuant de financer la guerre avec les taxes des am\u00e9ricains. Tout cela pour les (&#8230;) yeux de Netanyahou.<br \/>\nLe 9 septembre 2025 donc, un autre mythe celui d\u2019une alliance ind\u00e9fectible entre les USA et les monarchies du Golfe a vol\u00e9 en \u00e9clats suite aux frappes aussi inattendues que traitresses d\u2019Isra\u00e9l contre la d\u00e9l\u00e9gation du Hamas \u00e0 Doha. Des attaques dont les USA \u00e9taient inform\u00e9s attestent les isra\u00e9liens eux-m\u00eames et \u00e0 l\u2019origine du sommet d&#8217;urgence des dirigeants des pays arabes et islamiques.<br \/>\nApr\u00e8s ce sommet extraordinaire et malgr\u00e9 les \u00abassurances \u00bb am\u00e9ricaines que les extr\u00e9mistes isra\u00e9liens ne r\u00e9cidiveront pas \u00e0 Doha, plus aucun dirigeant arabe du Golfe ne croit vraiment plus que le pr\u00e9sident am\u00e9ricain a encore la capacit\u00e9 ou le d\u00e9sir d\u2019enrayer l\u2019expansionnisme isra\u00e9lien. Les pays du Golfe, premiers concern\u00e9s, viennent sur d\u00e9cision du Conseil de coop\u00e9ration du Golfe (CCG) de r\u00e9activier \u00abun m\u00e9canisme de d\u00e9fense commun \u00bb \u00e0 l\u2019origine mis en place pour contrer l\u2019Iran mais qui dans les faits aujourd\u2019hui est le seul bouclier r\u00e9el contre la menace isra\u00e9lienne. Pour sa premi\u00e8re r\u00e9union, le comit\u00e9 a regroup\u00e9 les responsables militaires et de s\u00e9curit\u00e9 de tous les pays arabes du Golfe. L\u2019objectif est de mettre en commun des moyens de d\u00e9fense et des \u00e9changes d\u2019intelligence pour pr\u00e9venir et riposter \u00e0 toute frappe surprise a\u00e9rienne isra\u00e9lienne d\u2019autant plus que tous les pays de la r\u00e9gion doivent d\u00e9sormais se demander \u00e0 quoi servent les bases us dans leurs pays si elles laissent libre court aux isra\u00e9liens pour les attaquer. Les pays du CCG concern\u00e9s sont Bahre\u00efn, le Kowe\u00eft, Oman, le Qatar, l\u2019Arabie saoudite et les \u00c9mirats arabes unis.<br \/>\nMais la r\u00e9activation de ce comit\u00e9 de d\u00e9fense pourrait aussi profiter \u00e0 l\u2019Egypte, puissance mitoyenne d\u2019Isra\u00e9lienne, et r\u00e9clam\u00e9 aussi par la Jordanie. Cela semble une premi\u00e8re r\u00e9action concr\u00e8te \u00e0 l\u2019envol\u00e9e h\u00e9g\u00e9monique isra\u00e9lienne soutenue, ou dans le moindre des cas, tol\u00e9r\u00e9e par son mentor am\u00e9ricain. Les pays du Golfe pensent donc d\u00e9sormais \u00e0 leur propre parapluie face \u00e0 des bombardements isra\u00e9liens \u00ab flagrants, tra\u00eetres et l\u00e2ches \u00bb comme les a qualifi\u00e9s l&#8217;\u00e9mir du Qatar, Cheikh Tamim bin Hamad Al Thani.<br \/>\nLe comit\u00e9 de d\u00e9fense conjoint se veut d\u00e9sormais un bloc pour renforcer les \u00ab capacit\u00e9s de dissuasion du Golfe \u00bb face \u00e0 la folie meurtri\u00e8re d\u2019Isra\u00e9l aujourd\u2019hui sous l\u2019emprise d\u2019extr\u00e9mistes juifs.<br \/>\nLa r\u00e9union du haut commandement de la force conjointe des pays du Golfe pourrait aussi servir de plateforme s\u00e9curitaire pour le monde arabo-musulman \u00e0 laquelle s\u2019arrimerait les forces des pays de cet ensemble. <\/p>\n","protected":false},"excerpt":{"rendered":"<p>Loin est d\u00e9sormais le temps de la normalisation avec Israel. La paix \u00ab des braves \u00bb a \u00e9t\u00e9 ensevelie avec l\u2019assassinat de Y. Rabbin par les extr\u00e9mistes juifs. Aujourd\u2019hui, le temps est au contraire, \u00e0 la violence, \u00e0 la suspicion et \u00e0 l\u2019alerte continue du fait des intentions expansionnistes du gouvernement extr\u00e9miste B. Netanyahou et &hellip;<\/p>\n","protected":false},"author":2,"featured_media":18218,"comment_status":"open","ping_status":"open","sticky":false,"template":"","format":"standard","meta":{"footnotes":""},"categories":[18,2],"tags":[],"class_list":["post-18217","post","type-post","status-publish","format-standard","has-post-thumbnail","hentry","category-actualites","category-economie"],"_links":{"self":[{"href":"https:\/\/ladepeche.mr\/index.php?rest_route=\/wp\/v2\/posts\/18217","targetHints":{"allow":["GET"]}}],"collection":[{"href":"https:\/\/ladepeche.mr\/index.php?rest_route=\/wp\/v2\/posts"}],"about":[{"href":"https:\/\/ladepeche.mr\/index.php?rest_route=\/wp\/v2\/types\/post"}],"author":[{"embeddable":true,"href":"https:\/\/ladepeche.mr\/index.php?rest_route=\/wp\/v2\/users\/2"}],"replies":[{"embeddable":true,"href":"https:\/\/ladepeche.mr\/index.php?rest_route=%2Fwp%2Fv2%2Fcomments&post=18217"}],"version-history":[{"count":1,"href":"https:\/\/ladepeche.mr\/index.php?rest_route=\/wp\/v2\/posts\/18217\/revisions"}],"predecessor-version":[{"id":18219,"href":"https:\/\/ladepeche.mr\/index.php?rest_route=\/wp\/v2\/posts\/18217\/revisions\/18219"}],"wp:featuredmedia":[{"embeddable":true,"href":"https:\/\/ladepeche.mr\/index.php?rest_route=\/wp\/v2\/media\/18218"}],"wp:attachment":[{"href":"https:\/\/ladepeche.mr\/index.php?rest_route=%2Fwp%2Fv2%2Fmedia&parent=18217"}],"wp:term":[{"taxonomy":"category","embeddable":true,"href":"https:\/\/ladepeche.mr\/index.php?rest_route=%2Fwp%2Fv2%2Fcategories&post=18217"},{"taxonomy":"post_tag","embeddable":true,"href":"https:\/\/ladepeche.mr\/index.php?rest_route=%2Fwp%2Fv2%2Ftags&post=18217"}],"curies":[{"name":"wp","href":"https:\/\/api.w.org\/{rel}","templated":true}]}}