{"id":18220,"date":"2025-09-18T15:21:55","date_gmt":"2025-09-18T15:21:55","guid":{"rendered":"https:\/\/ladepeche.mr\/?p=18220"},"modified":"2025-09-18T15:21:55","modified_gmt":"2025-09-18T15:21:55","slug":"le-mef-sentretient-avec-la-coordinatrice-residente-des-nations-unies-en-mauritanie","status":"publish","type":"post","link":"https:\/\/ladepeche.mr\/?p=18220","title":{"rendered":"Le MEF s\u2019entretient avec la Coordinatrice r\u00e9sidente des Nations Unies en Mauritanie"},"content":{"rendered":"<p>Son Excellence le ministre de l\u2019\u00c9conomie et des Finances, M. Sid\u2019Ahmed Ould Bouh, a re\u00e7u en audience, jeudi matin dans son bureau \u00e0 Nouakchott,  la Coordinatrice r\u00e9sidente du Syst\u00e8me des Nations Unies en Mauritanie, Mme Lila Pieters Yahia. <\/p>\n<p>Les discussions ont port\u00e9 sur les diff\u00e9rents aspects de la coop\u00e9ration entre la Mauritanie et les Nations Unies et sur les perspectives de son renforcement, en particulier dans les domaines \u00e9conomique et du d\u00e9veloppement, en ad\u00e9quation avec les priorit\u00e9s nationales.<\/p>\n<p>La rencontre a aussi permis d\u2019\u00e9voquer les pr\u00e9paratifs des prochaines sessions du dialogue strat\u00e9gique entre notre pays et les agences onusiennes.<\/p>\n<p>Divers dossiers d\u2019int\u00e9r\u00eat commun ont en outre \u00e9t\u00e9 examin\u00e9s, les deux parties r\u00e9affirmant l\u2019importance de maintenir une coordination \u00e9troite afin d\u2019appuyer les programmes et projets contribuant \u00e0 la r\u00e9alisation des objectifs de d\u00e9veloppement durable et au renforcement des capacit\u00e9s nationales.<\/p>\n<p>Ont pris part \u00e0 la r\u00e9union : M. Moustapha Ould Sidi Mohamed, conseiller \u00e9conomique et Secr\u00e9taire g\u00e9n\u00e9ral par int\u00e9rim,  M. Cheikhna Ould Beddad, directeur g\u00e9n\u00e9ral des Politiques et Strat\u00e9gies de D\u00e9veloppement, M. Abdrrahmane Dedy, directeur g\u00e9n\u00e9ral adjoint des Politiques et Strat\u00e9gies de D\u00e9veloppement.<br \/>\nSource MEF <\/p>\n","protected":false},"excerpt":{"rendered":"<p>Son Excellence le ministre de l\u2019\u00c9conomie et des Finances, M. Sid\u2019Ahmed Ould Bouh, a re\u00e7u en audience, jeudi matin dans son bureau \u00e0 Nouakchott, la Coordinatrice r\u00e9sidente du Syst\u00e8me des Nations Unies en Mauritanie, Mme Lila Pieters Yahia. Les discussions ont port\u00e9 sur les diff\u00e9rents aspects de la coop\u00e9ration entre la Mauritanie et les Nations &hellip;<\/p>\n","protected":false},"author":2,"featured_media":18221,"comment_status":"open","ping_status":"open","sticky":false,"template":"","format":"standard","meta":{"footnotes":""},"categories":[18,2],"tags":[],"class_list":["post-18220","post","type-post","status-publish","format-standard","has-post-thumbnail","hentry","category-actualites","category-economie"],"_links":{"self":[{"href":"https:\/\/ladepeche.mr\/index.php?rest_route=\/wp\/v2\/posts\/18220","targetHints":{"allow":["GET"]}}],"collection":[{"href":"https:\/\/ladepeche.mr\/index.php?rest_route=\/wp\/v2\/posts"}],"about":[{"href":"https:\/\/ladepeche.mr\/index.php?rest_route=\/wp\/v2\/types\/post"}],"author":[{"embeddable":true,"href":"https:\/\/ladepeche.mr\/index.php?rest_route=\/wp\/v2\/users\/2"}],"replies":[{"embeddable":true,"href":"https:\/\/ladepeche.mr\/index.php?rest_route=%2Fwp%2Fv2%2Fcomments&post=18220"}],"version-history":[{"count":1,"href":"https:\/\/ladepeche.mr\/index.php?rest_route=\/wp\/v2\/posts\/18220\/revisions"}],"predecessor-version":[{"id":18222,"href":"https:\/\/ladepeche.mr\/index.php?rest_route=\/wp\/v2\/posts\/18220\/revisions\/18222"}],"wp:featuredmedia":[{"embeddable":true,"href":"https:\/\/ladepeche.mr\/index.php?rest_route=\/wp\/v2\/media\/18221"}],"wp:attachment":[{"href":"https:\/\/ladepeche.mr\/index.php?rest_route=%2Fwp%2Fv2%2Fmedia&parent=18220"}],"wp:term":[{"taxonomy":"category","embeddable":true,"href":"https:\/\/ladepeche.mr\/index.php?rest_route=%2Fwp%2Fv2%2Fcategories&post=18220"},{"taxonomy":"post_tag","embeddable":true,"href":"https:\/\/ladepeche.mr\/index.php?rest_route=%2Fwp%2Fv2%2Ftags&post=18220"}],"curies":[{"name":"wp","href":"https:\/\/api.w.org\/{rel}","templated":true}]}}