{"id":18223,"date":"2025-09-18T21:45:26","date_gmt":"2025-09-18T21:45:26","guid":{"rendered":"https:\/\/ladepeche.mr\/?p=18223"},"modified":"2025-09-18T22:07:20","modified_gmt":"2025-09-18T22:07:20","slug":"gouvernement-relaniement-ministeriel-partiel","status":"publish","type":"post","link":"https:\/\/ladepeche.mr\/?p=18223","title":{"rendered":"Gouvernement: Remaniement minist\u00e9riel partiel"},"content":{"rendered":"<p>La pr\u00e9sidence a annonc\u00e9, jeudi soir, un remaniement minist\u00e9riel partiel, sur proposition du Premier ministre. Ce remaniement concerne 11 portefeuilles minist\u00e9riels.<br \/>\nLes nouvelles nominations sont les suivantes:<br \/>\nMinistre de la Justice : Mohamed Ould Soueidatt<br \/>\nMinistre des Affaires islamiques et de l\u2019Enseignement originel : El Fadil Ould Sidiaty Ould Ahmed Louly<br \/>\nMinistre des Affaires \u00e9conomiques et du D\u00e9veloppement : Abdallah Souleymane Cheikh Sidiya<br \/>\nMinistre des Finances : Codioro Moussa N&#8217;Guenore<br \/>\nMinistre de la Sant\u00e9 : Mohamed Mahmoud Ali Mahmoud<br \/>\nMinistre de la Fonction publique et du Travail : Mariem Beigil<br \/>\nMinistre de la P\u00eache et des Infrastructures maritimes et portuaires : El Mokhtar Ahmed Boussif<br \/>\nMinistre de l\u2019Agriculture et de la Souverainet\u00e9 alimentaire : Sidi Ahmed Ould Bouh<br \/>\nMinistre du D\u00e9veloppement animal : Sidi Ahmed Ould Mohamed<br \/>\nMinistre des Domaines, du Patrimoine de l\u2019\u00c9tat et de la R\u00e9forme fonci\u00e8re : Mamadou Mamadou Niang<br \/>\nMinistre de l\u2019Habitat, de l\u2019Urbanisme et de l\u2019Am\u00e9nagement du territoire : Naha Hamdi Meknass<\/p>\n","protected":false},"excerpt":{"rendered":"<p>La pr\u00e9sidence a annonc\u00e9, jeudi soir, un remaniement minist\u00e9riel partiel, sur proposition du Premier ministre. Ce remaniement concerne 11 portefeuilles minist\u00e9riels. Les nouvelles nominations sont les suivantes: Ministre de la Justice : Mohamed Ould Soueidatt Ministre des Affaires islamiques et de l\u2019Enseignement originel : El Fadil Ould Sidiaty Ould Ahmed Louly Ministre des Affaires \u00e9conomiques &hellip;<\/p>\n","protected":false},"author":2,"featured_media":6172,"comment_status":"open","ping_status":"open","sticky":false,"template":"","format":"standard","meta":{"footnotes":""},"categories":[18,31],"tags":[],"class_list":["post-18223","post","type-post","status-publish","format-standard","has-post-thumbnail","hentry","category-actualites","category-politique-et-reportages"],"_links":{"self":[{"href":"https:\/\/ladepeche.mr\/index.php?rest_route=\/wp\/v2\/posts\/18223","targetHints":{"allow":["GET"]}}],"collection":[{"href":"https:\/\/ladepeche.mr\/index.php?rest_route=\/wp\/v2\/posts"}],"about":[{"href":"https:\/\/ladepeche.mr\/index.php?rest_route=\/wp\/v2\/types\/post"}],"author":[{"embeddable":true,"href":"https:\/\/ladepeche.mr\/index.php?rest_route=\/wp\/v2\/users\/2"}],"replies":[{"embeddable":true,"href":"https:\/\/ladepeche.mr\/index.php?rest_route=%2Fwp%2Fv2%2Fcomments&post=18223"}],"version-history":[{"count":5,"href":"https:\/\/ladepeche.mr\/index.php?rest_route=\/wp\/v2\/posts\/18223\/revisions"}],"predecessor-version":[{"id":18228,"href":"https:\/\/ladepeche.mr\/index.php?rest_route=\/wp\/v2\/posts\/18223\/revisions\/18228"}],"wp:featuredmedia":[{"embeddable":true,"href":"https:\/\/ladepeche.mr\/index.php?rest_route=\/wp\/v2\/media\/6172"}],"wp:attachment":[{"href":"https:\/\/ladepeche.mr\/index.php?rest_route=%2Fwp%2Fv2%2Fmedia&parent=18223"}],"wp:term":[{"taxonomy":"category","embeddable":true,"href":"https:\/\/ladepeche.mr\/index.php?rest_route=%2Fwp%2Fv2%2Fcategories&post=18223"},{"taxonomy":"post_tag","embeddable":true,"href":"https:\/\/ladepeche.mr\/index.php?rest_route=%2Fwp%2Fv2%2Ftags&post=18223"}],"curies":[{"name":"wp","href":"https:\/\/api.w.org\/{rel}","templated":true}]}}