{"id":1823,"date":"2022-09-07T20:00:25","date_gmt":"2022-09-07T20:00:25","guid":{"rendered":"https:\/\/ladepeche.mr\/?p=1823"},"modified":"2022-09-08T16:27:45","modified_gmt":"2022-09-08T16:27:45","slug":"affaire-aziz-eclaircissements-du-parquet-general-apres-lexpiration-du-delai-de-controle-judiciaire-dans-le-dossier-de-corruption-n-du-parquet-01-2021","status":"publish","type":"post","link":"https:\/\/ladepeche.mr\/?p=1823","title":{"rendered":"Affaire Aziz: Expiration du d\u00e9lai de contr\u00f4le judiciaire act\u00e9e par le Parquet"},"content":{"rendered":"<p>Dans un communiqu\u00e9 diffus\u00e9 par l\u2019Agence Mauritanienne d\u2019Information, mercredi soir, le Parquet g\u00e9n\u00e9ral semble acter la lev\u00e9e de la mesure de r\u00e9sidence surveill\u00e9e qui frappait l\u2019ex-pr\u00e9sident Aziz. Sous le sceau \u00ab d\u2019\u00e9claircissements concernant le dossier de corruption, N\u00b0 du Parquet 01\/2021 \u00bb et dans le respect du code de proc\u00e9dure p\u00e9nale, estime, toutefois, \u00ab qu\u2019en\u00a0d\u00e9pit de l\u2019ampleur sans pr\u00e9c\u00e9dent du dossier dans l\u2019histoire judiciaire nationale, et des proc\u00e9dures longues et complexes que son traitement a n\u00e9cessit\u00e9es, l\u2019instruction judiciaire a \u00e9t\u00e9 cl\u00f4tur\u00e9e dans les 15 mois suivant son ouverture, et (que) le dossier a \u00e9t\u00e9 transmis au tribunal correctionnel sp\u00e9cialis\u00e9 dans les d\u00e9lits de corruption, qui est cens\u00e9 juger les inculp\u00e9s inscrits au dossier en premi\u00e8re instance, en cas de confirmation de la d\u00e9cision de renvoi.<\/p>\n<p>Par ailleurs, le parquet accuse de vouloir se soustraire au proc\u00e8s Par \u00ab la\u00a0pratique des diff\u00e9rents recours de la part de certains inculp\u00e9s au dossier, dont le recours contre la d\u00e9cision de renvoi, selon une strat\u00e9gie fond\u00e9e sur l\u2019\u00e9puisement de tous les d\u00e9lais pour se soustraire au proc\u00e8s, a jusqu\u2019\u00e0 pr\u00e9sent retard\u00e9 l\u2019arriv\u00e9e du dossier devant la juridiction comp\u00e9tente, car il faut statuer sur tous les recours de procrastination et de temporisation enregistr\u00e9s contre la d\u00e9cision de traduction du pr\u00e9venu devant le Tribunal correctionnel des d\u00e9lits de corruption \u00bb. N\u00e9anmoins, le\u00a0Parquet g\u00e9n\u00e9ral promet de continuer \u00e0 \u00ab \u0153uvrer \u00a0r\u00e9solument au bon d\u00e9roulement des proc\u00e9dures du dossier, et \u00e0 leur continuit\u00e9 dans les formes requises, et \u00e0 veiller \u00e0 ce que tous les inculp\u00e9s assistent \u00e0 toutes les \u00e9tapes de ces proc\u00e9dures, y compris la phase du proc\u00e8s, et \u00e0 prendre le temps n\u00e9cessaire \u00e0 cette fin en cas de besoin, conform\u00e9ment aux prescriptions du code de proc\u00e9dure p\u00e9nale\u201d.<\/p>\n<p>En attendant, l\u2019ancien pr\u00e9sident peut \u00eatre libre de ses mouvements mais il est s\u00fbr qu\u2019il est tenu \u00e0 l\u2019oeil par les services de renseignement et que les autorit\u00e9s politiques ne lui feront aucun cadeau! Un homme averti en vaut deux.<\/p>\n","protected":false},"excerpt":{"rendered":"<p>Dans un communiqu\u00e9 diffus\u00e9 par l\u2019Agence Mauritanienne d\u2019Information, mercredi soir, le Parquet g\u00e9n\u00e9ral semble acter la lev\u00e9e de la mesure de r\u00e9sidence surveill\u00e9e qui frappait l\u2019ex-pr\u00e9sident Aziz. Sous le sceau \u00ab d\u2019\u00e9claircissements concernant le dossier de corruption, N\u00b0 du Parquet 01\/2021 \u00bb et dans le respect du code de proc\u00e9dure p\u00e9nale, estime, toutefois, \u00ab qu\u2019en\u00a0d\u00e9pit &hellip;<\/p>\n","protected":false},"author":2,"featured_media":1824,"comment_status":"open","ping_status":"open","sticky":false,"template":"","format":"standard","meta":{"footnotes":""},"categories":[18],"tags":[],"class_list":["post-1823","post","type-post","status-publish","format-standard","has-post-thumbnail","hentry","category-actualites"],"_links":{"self":[{"href":"https:\/\/ladepeche.mr\/index.php?rest_route=\/wp\/v2\/posts\/1823","targetHints":{"allow":["GET"]}}],"collection":[{"href":"https:\/\/ladepeche.mr\/index.php?rest_route=\/wp\/v2\/posts"}],"about":[{"href":"https:\/\/ladepeche.mr\/index.php?rest_route=\/wp\/v2\/types\/post"}],"author":[{"embeddable":true,"href":"https:\/\/ladepeche.mr\/index.php?rest_route=\/wp\/v2\/users\/2"}],"replies":[{"embeddable":true,"href":"https:\/\/ladepeche.mr\/index.php?rest_route=%2Fwp%2Fv2%2Fcomments&post=1823"}],"version-history":[{"count":6,"href":"https:\/\/ladepeche.mr\/index.php?rest_route=\/wp\/v2\/posts\/1823\/revisions"}],"predecessor-version":[{"id":1833,"href":"https:\/\/ladepeche.mr\/index.php?rest_route=\/wp\/v2\/posts\/1823\/revisions\/1833"}],"wp:featuredmedia":[{"embeddable":true,"href":"https:\/\/ladepeche.mr\/index.php?rest_route=\/wp\/v2\/media\/1824"}],"wp:attachment":[{"href":"https:\/\/ladepeche.mr\/index.php?rest_route=%2Fwp%2Fv2%2Fmedia&parent=1823"}],"wp:term":[{"taxonomy":"category","embeddable":true,"href":"https:\/\/ladepeche.mr\/index.php?rest_route=%2Fwp%2Fv2%2Fcategories&post=1823"},{"taxonomy":"post_tag","embeddable":true,"href":"https:\/\/ladepeche.mr\/index.php?rest_route=%2Fwp%2Fv2%2Ftags&post=1823"}],"curies":[{"name":"wp","href":"https:\/\/api.w.org\/{rel}","templated":true}]}}