{"id":18234,"date":"2025-09-19T19:39:45","date_gmt":"2025-09-19T19:39:45","guid":{"rendered":"https:\/\/ladepeche.mr\/?p=18234"},"modified":"2025-09-19T19:39:45","modified_gmt":"2025-09-19T19:39:45","slug":"suivi-de-la-reforme-du-systeme-pharmaceutique-examen-des-rapports-mensuels","status":"publish","type":"post","link":"https:\/\/ladepeche.mr\/?p=18234","title":{"rendered":"Suivi de la r\u00e9forme du syst\u00e8me pharmaceutique: Examen des rapports mensuels"},"content":{"rendered":"<p>Le Premier ministre mauritanien, Mokhtar Ould Djay, a pr\u00e9sid\u00e9 jeudi \u00e0 Nouakchott une r\u00e9union du comit\u00e9 minist\u00e9riel charg\u00e9 du suivi de la r\u00e9forme du syst\u00e8me pharmaceutique, a annonc\u00e9 la Primature.<br \/>\nLe comit\u00e9 a examin\u00e9 les rapports mensuels du minist\u00e8re de la Sant\u00e9 et du comit\u00e9 technique, ainsi que les recommandations qui en sont issues.<br \/>\nLe chef du gouvernement a appel\u00e9 \u00e0 la poursuite des r\u00e9formes et au renforcement des m\u00e9canismes de suivi et de contr\u00f4le, conform\u00e9ment aux directives du pr\u00e9sident Mohamed Ould Cheikh El Ghazouani.<br \/>\nIl a \u00e9galement demand\u00e9 au comit\u00e9 technique d\u2019\u00e9valuer l\u2019impact de chaque mesure sur les citoyens et de soumettre toute initiative au comit\u00e9 minist\u00e9riel avant sa mise en \u0153uvre.<\/p>\n","protected":false},"excerpt":{"rendered":"<p>Le Premier ministre mauritanien, Mokhtar Ould Djay, a pr\u00e9sid\u00e9 jeudi \u00e0 Nouakchott une r\u00e9union du comit\u00e9 minist\u00e9riel charg\u00e9 du suivi de la r\u00e9forme du syst\u00e8me pharmaceutique, a annonc\u00e9 la Primature. Le comit\u00e9 a examin\u00e9 les rapports mensuels du minist\u00e8re de la Sant\u00e9 et du comit\u00e9 technique, ainsi que les recommandations qui en sont issues. Le &hellip;<\/p>\n","protected":false},"author":2,"featured_media":18235,"comment_status":"open","ping_status":"open","sticky":false,"template":"","format":"standard","meta":{"footnotes":""},"categories":[18,27],"tags":[],"class_list":["post-18234","post","type-post","status-publish","format-standard","has-post-thumbnail","hentry","category-actualites","category-sante"],"_links":{"self":[{"href":"https:\/\/ladepeche.mr\/index.php?rest_route=\/wp\/v2\/posts\/18234","targetHints":{"allow":["GET"]}}],"collection":[{"href":"https:\/\/ladepeche.mr\/index.php?rest_route=\/wp\/v2\/posts"}],"about":[{"href":"https:\/\/ladepeche.mr\/index.php?rest_route=\/wp\/v2\/types\/post"}],"author":[{"embeddable":true,"href":"https:\/\/ladepeche.mr\/index.php?rest_route=\/wp\/v2\/users\/2"}],"replies":[{"embeddable":true,"href":"https:\/\/ladepeche.mr\/index.php?rest_route=%2Fwp%2Fv2%2Fcomments&post=18234"}],"version-history":[{"count":1,"href":"https:\/\/ladepeche.mr\/index.php?rest_route=\/wp\/v2\/posts\/18234\/revisions"}],"predecessor-version":[{"id":18236,"href":"https:\/\/ladepeche.mr\/index.php?rest_route=\/wp\/v2\/posts\/18234\/revisions\/18236"}],"wp:featuredmedia":[{"embeddable":true,"href":"https:\/\/ladepeche.mr\/index.php?rest_route=\/wp\/v2\/media\/18235"}],"wp:attachment":[{"href":"https:\/\/ladepeche.mr\/index.php?rest_route=%2Fwp%2Fv2%2Fmedia&parent=18234"}],"wp:term":[{"taxonomy":"category","embeddable":true,"href":"https:\/\/ladepeche.mr\/index.php?rest_route=%2Fwp%2Fv2%2Fcategories&post=18234"},{"taxonomy":"post_tag","embeddable":true,"href":"https:\/\/ladepeche.mr\/index.php?rest_route=%2Fwp%2Fv2%2Ftags&post=18234"}],"curies":[{"name":"wp","href":"https:\/\/api.w.org\/{rel}","templated":true}]}}