{"id":18237,"date":"2025-09-20T14:51:18","date_gmt":"2025-09-20T14:51:18","guid":{"rendered":"https:\/\/ladepeche.mr\/?p=18237"},"modified":"2025-09-20T14:51:18","modified_gmt":"2025-09-20T14:51:18","slug":"approvisionnement-en-carburant-inquietudes-autour-du-retard-du-nouvel-appel-doffres-en-mauritanie","status":"publish","type":"post","link":"https:\/\/ladepeche.mr\/?p=18237","title":{"rendered":"Approvisionnement en carburant : inqui\u00e9tudes autour du retard du nouvel appel d\u2019offres en Mauritanie"},"content":{"rendered":"<p>Alors que le lancement de l\u2019appel d\u2019offres pour l\u2019approvisionnement en produits p\u00e9troliers en Mauritanie \u00e9tait initialement pr\u00e9vu pour ao\u00fbt 2025, aucune proc\u00e9dure officielle n\u2019a encore \u00e9t\u00e9 engag\u00e9e \u00e0 ce jour. Un retard qui alimente les pr\u00e9occupations quant \u00e0 la transparence du processus et au respect des r\u00e8gles de passation des march\u00e9s publics.<br \/>\nActuellement, la soci\u00e9t\u00e9 ADDAX assure l\u2019approvisionnement du pays en carburant dans le cadre d\u2019un contrat qui arrive \u00e0 \u00e9ch\u00e9ance en d\u00e9cembre 2025. En l\u2019absence d\u2019un nouvel appel d\u2019offres, le risque d\u2019une prolongation tacite du contrat, sans mise en concurrence, se profile. Une perspective qui soul\u00e8ve la question d\u2019un \u00e9ventuel monopole de fait sur un secteur strat\u00e9gique.<br \/>\nDes acteurs de la soci\u00e9t\u00e9 civile ainsi que des observateurs du secteur \u00e9nerg\u00e9tique interpellent les autorit\u00e9s sur l\u2019urgence de la situation. \u00ab Il est crucial que les d\u00e9lais soient respect\u00e9s. Ce type de retard nuit \u00e0 la concurrence, entretient l\u2019opacit\u00e9 et \u00e9rode la confiance dans les institutions publiques \u00bb, estime un analyste bas\u00e9 \u00e0 Nouakchott.<br \/>\nAu-del\u00e0 du cas d\u2019ADDAX, c\u2019est plus largement la gouvernance du secteur p\u00e9trolier national qui s\u2019expose au regard d\u2019observateurs du secteur. L\u2019approvisionnement en carburant constitue, en effet, un enjeu vital pour la s\u00e9curit\u00e9 \u00e9nerg\u00e9tique et la stabilit\u00e9 \u00e9conomique du pays.<br \/>\nLa mise en concurrence, dans le respect des principes d\u2019\u00e9quit\u00e9 et de transparence, est donc per\u00e7ue comme essentielle.<br \/>\n\u00c0 moins de trois mois de la fin du contrat actuel, le temps presse. Plusieurs voix appellent le gouvernement \u00e0 lancer rapidement une proc\u00e9dure d\u2019appel d\u2019offres ouverte et cr\u00e9dible, garantissant la continuit\u00e9 du service tout en permettant \u00e0 d\u2019autres op\u00e9rateurs d\u2019entrer sur le march\u00e9.<br \/>\nLe respect des r\u00e8gles en mati\u00e8re de commande publique sur lesquelles a r\u00e9cemment insist\u00e9 le premier Ministre ne saurait donc \u00eatre rel\u00e9gu\u00e9 au second plan. Il s\u2019agit d\u2019un outil cl\u00e9 pour pr\u00e9venir les situations de monopole de fait, renforcer la bonne gouvernance et assurer que les d\u00e9cisions servent l\u2019int\u00e9r\u00eat g\u00e9n\u00e9ral.<\/p>\n","protected":false},"excerpt":{"rendered":"<p>Alors que le lancement de l\u2019appel d\u2019offres pour l\u2019approvisionnement en produits p\u00e9troliers en Mauritanie \u00e9tait initialement pr\u00e9vu pour ao\u00fbt 2025, aucune proc\u00e9dure officielle n\u2019a encore \u00e9t\u00e9 engag\u00e9e \u00e0 ce jour. Un retard qui alimente les pr\u00e9occupations quant \u00e0 la transparence du processus et au respect des r\u00e8gles de passation des march\u00e9s publics. Actuellement, la soci\u00e9t\u00e9 &hellip;<\/p>\n","protected":false},"author":2,"featured_media":18239,"comment_status":"open","ping_status":"open","sticky":false,"template":"","format":"standard","meta":{"footnotes":""},"categories":[18,2],"tags":[],"class_list":["post-18237","post","type-post","status-publish","format-standard","has-post-thumbnail","hentry","category-actualites","category-economie"],"_links":{"self":[{"href":"https:\/\/ladepeche.mr\/index.php?rest_route=\/wp\/v2\/posts\/18237","targetHints":{"allow":["GET"]}}],"collection":[{"href":"https:\/\/ladepeche.mr\/index.php?rest_route=\/wp\/v2\/posts"}],"about":[{"href":"https:\/\/ladepeche.mr\/index.php?rest_route=\/wp\/v2\/types\/post"}],"author":[{"embeddable":true,"href":"https:\/\/ladepeche.mr\/index.php?rest_route=\/wp\/v2\/users\/2"}],"replies":[{"embeddable":true,"href":"https:\/\/ladepeche.mr\/index.php?rest_route=%2Fwp%2Fv2%2Fcomments&post=18237"}],"version-history":[{"count":1,"href":"https:\/\/ladepeche.mr\/index.php?rest_route=\/wp\/v2\/posts\/18237\/revisions"}],"predecessor-version":[{"id":18238,"href":"https:\/\/ladepeche.mr\/index.php?rest_route=\/wp\/v2\/posts\/18237\/revisions\/18238"}],"wp:featuredmedia":[{"embeddable":true,"href":"https:\/\/ladepeche.mr\/index.php?rest_route=\/wp\/v2\/media\/18239"}],"wp:attachment":[{"href":"https:\/\/ladepeche.mr\/index.php?rest_route=%2Fwp%2Fv2%2Fmedia&parent=18237"}],"wp:term":[{"taxonomy":"category","embeddable":true,"href":"https:\/\/ladepeche.mr\/index.php?rest_route=%2Fwp%2Fv2%2Fcategories&post=18237"},{"taxonomy":"post_tag","embeddable":true,"href":"https:\/\/ladepeche.mr\/index.php?rest_route=%2Fwp%2Fv2%2Ftags&post=18237"}],"curies":[{"name":"wp","href":"https:\/\/api.w.org\/{rel}","templated":true}]}}