{"id":18240,"date":"2025-09-20T16:49:03","date_gmt":"2025-09-20T16:49:03","guid":{"rendered":"https:\/\/ladepeche.mr\/?p=18240"},"modified":"2025-09-20T16:49:47","modified_gmt":"2025-09-20T16:49:47","slug":"impact-des-intemperies-sur-nouadhibou-des-pertes-en-millions-usd-deplorees","status":"publish","type":"post","link":"https:\/\/ladepeche.mr\/?p=18240","title":{"rendered":"Impact des intemp\u00e9ries sur Nouadhibou: des pertes en millions usd d\u00e9plor\u00e9es"},"content":{"rendered":"<p>Plusieurs navires \u00e0 quai ont \u00e9t\u00e9 renvers\u00e9s dans la nuit de vendredi \u00e0 samedi au port industriel de Nouadhibou suite \u00e0 des vents violents.<br \/>\nLes navires surpris par la force des vents ont \u00e9t\u00e9 fortement balanc\u00e9s contre les quais alors que d\u2019autres se trouvant dans la rade ont dangereusement chancel\u00e9 pendant l\u2019intemp\u00e9rie.<br \/>\nPar ailleurs, le ph\u00e9nom\u00e8ne survenu vendredi a mis en relief le d\u00e9ficit d\u2019\u00e9quipements portuaires en termes de moyens de secours et d&#8217;urgence pour venir en aide aux navires en d\u00e9tresse.<br \/>\nLes pertes sont estim\u00e9es en plusieurs millions de dollars pour ce qui est des casses dans les b\u00e2timents et de perte de production.<\/p>\n","protected":false},"excerpt":{"rendered":"<p>Plusieurs navires \u00e0 quai ont \u00e9t\u00e9 renvers\u00e9s dans la nuit de vendredi \u00e0 samedi au port industriel de Nouadhibou suite \u00e0 des vents violents. Les navires surpris par la force des vents ont \u00e9t\u00e9 fortement balanc\u00e9s contre les quais alors que d\u2019autres se trouvant dans la rade ont dangereusement chancel\u00e9 pendant l\u2019intemp\u00e9rie. Par ailleurs, le &hellip;<\/p>\n","protected":false},"author":2,"featured_media":18244,"comment_status":"open","ping_status":"open","sticky":false,"template":"","format":"standard","meta":{"footnotes":""},"categories":[18,2],"tags":[],"class_list":["post-18240","post","type-post","status-publish","format-standard","has-post-thumbnail","hentry","category-actualites","category-economie"],"_links":{"self":[{"href":"https:\/\/ladepeche.mr\/index.php?rest_route=\/wp\/v2\/posts\/18240","targetHints":{"allow":["GET"]}}],"collection":[{"href":"https:\/\/ladepeche.mr\/index.php?rest_route=\/wp\/v2\/posts"}],"about":[{"href":"https:\/\/ladepeche.mr\/index.php?rest_route=\/wp\/v2\/types\/post"}],"author":[{"embeddable":true,"href":"https:\/\/ladepeche.mr\/index.php?rest_route=\/wp\/v2\/users\/2"}],"replies":[{"embeddable":true,"href":"https:\/\/ladepeche.mr\/index.php?rest_route=%2Fwp%2Fv2%2Fcomments&post=18240"}],"version-history":[{"count":2,"href":"https:\/\/ladepeche.mr\/index.php?rest_route=\/wp\/v2\/posts\/18240\/revisions"}],"predecessor-version":[{"id":18246,"href":"https:\/\/ladepeche.mr\/index.php?rest_route=\/wp\/v2\/posts\/18240\/revisions\/18246"}],"wp:featuredmedia":[{"embeddable":true,"href":"https:\/\/ladepeche.mr\/index.php?rest_route=\/wp\/v2\/media\/18244"}],"wp:attachment":[{"href":"https:\/\/ladepeche.mr\/index.php?rest_route=%2Fwp%2Fv2%2Fmedia&parent=18240"}],"wp:term":[{"taxonomy":"category","embeddable":true,"href":"https:\/\/ladepeche.mr\/index.php?rest_route=%2Fwp%2Fv2%2Fcategories&post=18240"},{"taxonomy":"post_tag","embeddable":true,"href":"https:\/\/ladepeche.mr\/index.php?rest_route=%2Fwp%2Fv2%2Ftags&post=18240"}],"curies":[{"name":"wp","href":"https:\/\/api.w.org\/{rel}","templated":true}]}}