{"id":18247,"date":"2025-09-20T18:00:37","date_gmt":"2025-09-20T18:00:37","guid":{"rendered":"https:\/\/ladepeche.mr\/?p=18247"},"modified":"2025-09-20T17:13:00","modified_gmt":"2025-09-20T17:13:00","slug":"quand-lelite-abdique-son-destinpar-el-wely-sidi-heiba","status":"publish","type":"post","link":"https:\/\/ladepeche.mr\/?p=18247","title":{"rendered":"Quand l\u2019\u00e9lite abdique son destin\u2026Par El Wely Sidi Heiba"},"content":{"rendered":"<p>La d\u00e9mission de l\u2019\u00e9lite, qui peut \u00eatre assimil\u00e9e \u00e0 une trahison des \u00e9claireurs, est devenue un spectacle quotidien, presque banal, et pourtant de plus en plus accablant. Ceux qui devraient incarner la lumi\u00e8re et montrer la voie se sont mu\u00e9s en simples spectateurs, hypnotis\u00e9s par les mirages du pouvoir et de l\u2019argent. Leur regard fuit les plaies vives de la nation \u2013 l\u2019\u00e9cole qui s\u2019effondre, l\u2019h\u00f4pital qui suffoque, la justice qui vacille \u2013 comme si ces crises ne relevaient pas de leur mission premi\u00e8re.<\/p>\n<p>Pourtant, une \u00e9lite ne se r\u00e9sume pas \u00e0 un cercle de privil\u00e9gi\u00e9s : elle est suppos\u00e9e incarner la conscience collective, veiller sur le destin commun, porter la voix de la v\u00e9rit\u00e9 lorsque les autres se taisent. Mais ici, elle se accommode du silence et de la m\u00e9diocrit\u00e9, pr\u00e9f\u00e9rant la rente \u00e0 la responsabilit\u00e9, la complaisance \u00e0 l\u2019exigence. Ainsi trahit-elle non seulement sa raison d\u2019\u00eatre, mais aussi l\u2019esp\u00e9rance de g\u00e9n\u00e9rations enti\u00e8res.<\/p>\n<p>L\u2019histoire, pourtant, offre des contre-exemples saisissants. Le Japon, \u00e9mergeant des cendres de la guerre, a pu s\u2019appuyer sur une \u00e9lite visionnaire qui fit de la discipline et de l\u2019\u00e9ducation le socle d\u2019une renaissance spectaculaire. Le Rwanda, apr\u00e8s l\u2019ab\u00eeme g\u00e9nocidaire, a trouv\u00e9 dans une \u00e9lite lucide et d\u00e9termin\u00e9e la force de reb\u00e2tir un \u00c9tat digne, uni et tourn\u00e9 vers l\u2019avenir. La Cor\u00e9e du Sud, nagu\u00e8re parmi les nations les plus pauvres, a vu ses \u00e9lites tracer une voie audacieuse vers le savoir et l\u2019innovation, metamorphosant la mis\u00e8re en puissance.<\/p>\n<p>La le\u00e7on est sans \u00e9quivoque : les peuples ne se rel\u00e8vent que lorsque leurs \u00e9lites assument pleinement leur vocation historique. L\u00e0 o\u00f9 elles faillissent, la stagnation s\u2019installe, entra\u00eenant avec elle la d\u00e9sillusion, la col\u00e8re et parfois le chaos. Notre pays n\u2019\u00e9chappera pas \u00e0 cette r\u00e8gle. Le temps est compt\u00e9 : soit notre \u00e9lite se r\u00e9veille, soit elle sera emport\u00e9e par le jugement inexorable de l\u2019histoire.<\/p>\n","protected":false},"excerpt":{"rendered":"<p>La d\u00e9mission de l\u2019\u00e9lite, qui peut \u00eatre assimil\u00e9e \u00e0 une trahison des \u00e9claireurs, est devenue un spectacle quotidien, presque banal, et pourtant de plus en plus accablant. Ceux qui devraient incarner la lumi\u00e8re et montrer la voie se sont mu\u00e9s en simples spectateurs, hypnotis\u00e9s par les mirages du pouvoir et de l\u2019argent. Leur regard fuit &hellip;<\/p>\n","protected":false},"author":2,"featured_media":5272,"comment_status":"open","ping_status":"open","sticky":false,"template":"","format":"standard","meta":{"footnotes":""},"categories":[18,19],"tags":[],"class_list":["post-18247","post","type-post","status-publish","format-standard","has-post-thumbnail","hentry","category-actualites","category-tribune"],"_links":{"self":[{"href":"https:\/\/ladepeche.mr\/index.php?rest_route=\/wp\/v2\/posts\/18247","targetHints":{"allow":["GET"]}}],"collection":[{"href":"https:\/\/ladepeche.mr\/index.php?rest_route=\/wp\/v2\/posts"}],"about":[{"href":"https:\/\/ladepeche.mr\/index.php?rest_route=\/wp\/v2\/types\/post"}],"author":[{"embeddable":true,"href":"https:\/\/ladepeche.mr\/index.php?rest_route=\/wp\/v2\/users\/2"}],"replies":[{"embeddable":true,"href":"https:\/\/ladepeche.mr\/index.php?rest_route=%2Fwp%2Fv2%2Fcomments&post=18247"}],"version-history":[{"count":1,"href":"https:\/\/ladepeche.mr\/index.php?rest_route=\/wp\/v2\/posts\/18247\/revisions"}],"predecessor-version":[{"id":18248,"href":"https:\/\/ladepeche.mr\/index.php?rest_route=\/wp\/v2\/posts\/18247\/revisions\/18248"}],"wp:featuredmedia":[{"embeddable":true,"href":"https:\/\/ladepeche.mr\/index.php?rest_route=\/wp\/v2\/media\/5272"}],"wp:attachment":[{"href":"https:\/\/ladepeche.mr\/index.php?rest_route=%2Fwp%2Fv2%2Fmedia&parent=18247"}],"wp:term":[{"taxonomy":"category","embeddable":true,"href":"https:\/\/ladepeche.mr\/index.php?rest_route=%2Fwp%2Fv2%2Fcategories&post=18247"},{"taxonomy":"post_tag","embeddable":true,"href":"https:\/\/ladepeche.mr\/index.php?rest_route=%2Fwp%2Fv2%2Ftags&post=18247"}],"curies":[{"name":"wp","href":"https:\/\/api.w.org\/{rel}","templated":true}]}}