{"id":18249,"date":"2025-09-21T16:21:38","date_gmt":"2025-09-21T16:21:38","guid":{"rendered":"https:\/\/ladepeche.mr\/?p=18249"},"modified":"2025-09-21T16:22:38","modified_gmt":"2025-09-21T16:22:38","slug":"le-canada-laustralie-et-le-royaume-uni-reconnaissent-la-palestine-a-la-veille-dun-sommet-historique-critique-par-israel","status":"publish","type":"post","link":"https:\/\/ladepeche.mr\/?p=18249","title":{"rendered":"Le Canada, l\u2019Australie et le Royaume-Uni reconnaissent la Palestine, \u00e0 la veille d\u2019un sommet historique\u2026"},"content":{"rendered":"<p>Le mouvement est en marche. Alors que dix pays avaient annonc\u00e9 leur intention de reconna\u00eetre l\u2019Etat palestinien lors d\u2019un sommet international ce lundi, \u00e0 la veille l\u2019ouverture de l\u2019Assembl\u00e9e g\u00e9n\u00e9rale des Nations unies \u00e0 New York, trois d\u2019entre eux ont pris les devants, annon\u00e7ant d\u00e8s ce dimanche 21 septembre la reconnaissance de la Palestine.<br \/>\nCanada, Australie et Royaume-Uni<br \/>\nC\u2019est le Canada qui a ouvert le bal, par la voix de son Premier ministre Mark Carney, disant vouloir ainsi \u00ab pr\u00e9server la possibilit\u00e9 d\u2019une solution \u00e0 deux Etats \u00bb.<\/p>\n<p>\u00ab Le Canada reconna\u00eet l\u2019Etat de Palestine et offre de travailler en partenariat afin de porter la promesse d\u2019un avenir pacifique pour l\u2019Etat de Palestine et l\u2019Etat d\u2019Isra\u00ebl. Le Canada inscrit cette mesure dans le cadre d\u2019un effort international concert\u00e9 visant \u00e0 pr\u00e9server la possibilit\u00e9 d\u2019une solution \u00e0 deux Etats \u00bb, affirme-t-il \u00e0 la veille d\u2019un sommet \u00e0 l\u2019ONU lors duquel la France et une poign\u00e9e d\u2019autres pays, doivent confirmer leur reconnaissance formelle de l\u2019Etat palestinien.<\/p>\n<p>D\u2019une m\u00eame voix, l\u2019Australie \u00ab reconna\u00eet officiellement l\u2019\u00c9tat ind\u00e9pendant et souverain de Palestine \u00bb, a annonc\u00e9 le Premier ministre australien Anthony Albanese.<br \/>\n\u00ab Ce faisant, l\u2019Australie reconna\u00eet les aspirations l\u00e9gitimes et de longue date du peuple de Palestine \u00e0 un Etat qui lui soit propre. \u00bb<\/p>\n<p>Prise de parole similaire pour le Premier ministre britannique Keir Starmer, qui a annonc\u00e9 dimanche la reconnaissance officielle par le Royaume-Uni de l\u2019Etat de Palestine afin de \u00ab raviver l\u2019espoir de paix et une solution \u00e0 deux Etats \u00bb entre Isra\u00e9liens et Palestiniens.<\/p>\n<p>\u00ab Aujourd\u2019hui, pour raviver l\u2019espoir de paix et d\u2019une solution \u00e0 deux \u00c9tats, je d\u00e9clare clairement en tant que Premier ministre de ce grand pays, que le Royaume-Uni reconna\u00eet officiellement l\u2019\u00c9tat de Palestine \u00bb, a annonc\u00e9 Keir Starmer, dans une d\u00e9claration film\u00e9e publi\u00e9e sur les r\u00e9seaux sociaux.<\/p>\n","protected":false},"excerpt":{"rendered":"<p>Le mouvement est en marche. Alors que dix pays avaient annonc\u00e9 leur intention de reconna\u00eetre l\u2019Etat palestinien lors d\u2019un sommet international ce lundi, \u00e0 la veille l\u2019ouverture de l\u2019Assembl\u00e9e g\u00e9n\u00e9rale des Nations unies \u00e0 New York, trois d\u2019entre eux ont pris les devants, annon\u00e7ant d\u00e8s ce dimanche 21 septembre la reconnaissance de la Palestine. Canada, &hellip;<\/p>\n","protected":false},"author":2,"featured_media":18250,"comment_status":"open","ping_status":"open","sticky":false,"template":"","format":"standard","meta":{"footnotes":""},"categories":[18,29],"tags":[],"class_list":["post-18249","post","type-post","status-publish","format-standard","has-post-thumbnail","hentry","category-actualites","category-monde"],"_links":{"self":[{"href":"https:\/\/ladepeche.mr\/index.php?rest_route=\/wp\/v2\/posts\/18249","targetHints":{"allow":["GET"]}}],"collection":[{"href":"https:\/\/ladepeche.mr\/index.php?rest_route=\/wp\/v2\/posts"}],"about":[{"href":"https:\/\/ladepeche.mr\/index.php?rest_route=\/wp\/v2\/types\/post"}],"author":[{"embeddable":true,"href":"https:\/\/ladepeche.mr\/index.php?rest_route=\/wp\/v2\/users\/2"}],"replies":[{"embeddable":true,"href":"https:\/\/ladepeche.mr\/index.php?rest_route=%2Fwp%2Fv2%2Fcomments&post=18249"}],"version-history":[{"count":2,"href":"https:\/\/ladepeche.mr\/index.php?rest_route=\/wp\/v2\/posts\/18249\/revisions"}],"predecessor-version":[{"id":18252,"href":"https:\/\/ladepeche.mr\/index.php?rest_route=\/wp\/v2\/posts\/18249\/revisions\/18252"}],"wp:featuredmedia":[{"embeddable":true,"href":"https:\/\/ladepeche.mr\/index.php?rest_route=\/wp\/v2\/media\/18250"}],"wp:attachment":[{"href":"https:\/\/ladepeche.mr\/index.php?rest_route=%2Fwp%2Fv2%2Fmedia&parent=18249"}],"wp:term":[{"taxonomy":"category","embeddable":true,"href":"https:\/\/ladepeche.mr\/index.php?rest_route=%2Fwp%2Fv2%2Fcategories&post=18249"},{"taxonomy":"post_tag","embeddable":true,"href":"https:\/\/ladepeche.mr\/index.php?rest_route=%2Fwp%2Fv2%2Ftags&post=18249"}],"curies":[{"name":"wp","href":"https:\/\/api.w.org\/{rel}","templated":true}]}}