{"id":18253,"date":"2025-09-22T13:07:42","date_gmt":"2025-09-22T13:07:42","guid":{"rendered":"https:\/\/ladepeche.mr\/?p=18253"},"modified":"2025-09-22T13:13:33","modified_gmt":"2025-09-22T13:13:33","slug":"ag-de-lonu-la-80e-session-marquee-par-un-revers-diplomatique-pour-b-netanyahou","status":"publish","type":"post","link":"https:\/\/ladepeche.mr\/?p=18253","title":{"rendered":"AG de l\u2019ONU : la 80e session marqu\u00e9e par un revers diplomatique pour Isra\u00ebl"},"content":{"rendered":"<p>La 80e session de l\u2019Assembl\u00e9e g\u00e9n\u00e9rale des Nations Unies s\u2019ouvre dans un climat international particuli\u00e8rement tendu. Plac\u00e9e sous le th\u00e8me \u00ab Mieux ensemble : plus de 80 ans au service de la paix, du d\u00e9veloppement et des droits humains \u00bb, cette session promet d\u2019\u00eatre l\u2019une des plus anim\u00e9es des derni\u00e8res d\u00e9cennies.<br \/>\n\u00c0 la tribune, une premi\u00e8re controverse \u00e9merge avec l\u2019ouverture des d\u00e9bats et la pr\u00e9sence sur le perchoir de l\u2019AG d\u2019Annalena Baerbock, ancienne ministre allemande des Affaires \u00e9trang\u00e8res. Cinqui\u00e8me femme \u00e0 occuper ce poste, sa d\u00e9signation suscite beaucoup de r\u00e9serve, en raison de ses prises de position sur le conflit isra\u00e9lo-palestinien justifiant les massacres commis par Israel contre les populations civiles palestiniennes.<br \/>\nL\u2019ouverture de cette session intervient dans un contexte diplomatique \u00e9galement in\u00e9dit : la reconnaissance de l\u2019\u00c9tat de Palestine par plusieurs pays, dont deux membres permanents du Conseil de s\u00e9curit\u00e9, marque un tournant historique. Une \u00e9volution preuve d\u2019un revers majeur pour Isra\u00ebl, la force d\u2019occupation, et les \u00c9tats-Unis, traditionnellement oppos\u00e9s \u00e0 cette reconnaissance, et responsables d\u2019entraves aux efforts diplomatiques pour une r\u00e9solution durable et d\u00e9finitive du conflit.<br \/>\nUne conf\u00e9rence internationale sur la solution \u00e0 deux \u00c9tats d\u00e9marre d\u2019ailleurs aujourd\u2019hui 22 septembre. Elle s\u2019annonce centrale dans les discussions, alors que les violences \u00e0 Gaza, crimes de guerre et nettoyage ethnique, ont d\u00e9j\u00e0 co\u00fbt\u00e9 la vie \u00e0 plus de 69 000 civils, en majorit\u00e9 des femmes et des enfants, selon des derniers bilans.<br \/>\nAu-del\u00e0 du conflit isra\u00e9lo-palestinien, l\u2019Assembl\u00e9e g\u00e9n\u00e9rale abordera un large \u00e9ventail de d\u00e9fis mondiaux. Les guerres en cours sur d\u2019autres parties du monde, la crise climatique, les in\u00e9galit\u00e9s de genre (D\u00e9claration de Beijing), ainsi que les questions \u00e9thiques li\u00e9es \u00e0 l\u2019intelligence artificielle figureront \u00e0 l\u2019ordre du jour des r\u00e9unions de haut niveau.<br \/>\nEnfin, plusieurs \u00c9tats membres plaideront pour une r\u00e9forme en profondeur du Conseil de s\u00e9curit\u00e9, afin de limiter l\u2019usage du droit de veto, consid\u00e9r\u00e9 par beaucoup comme un frein \u00e0 l\u2019action collective face aux urgences humanitaires et s\u00e9curitaires.<\/p>\n","protected":false},"excerpt":{"rendered":"<p>La 80e session de l\u2019Assembl\u00e9e g\u00e9n\u00e9rale des Nations Unies s\u2019ouvre dans un climat international particuli\u00e8rement tendu. Plac\u00e9e sous le th\u00e8me \u00ab Mieux ensemble : plus de 80 ans au service de la paix, du d\u00e9veloppement et des droits humains \u00bb, cette session promet d\u2019\u00eatre l\u2019une des plus anim\u00e9es des derni\u00e8res d\u00e9cennies. \u00c0 la tribune, une &hellip;<\/p>\n","protected":false},"author":2,"featured_media":18254,"comment_status":"open","ping_status":"open","sticky":false,"template":"","format":"standard","meta":{"footnotes":""},"categories":[18,29],"tags":[],"class_list":["post-18253","post","type-post","status-publish","format-standard","has-post-thumbnail","hentry","category-actualites","category-monde"],"_links":{"self":[{"href":"https:\/\/ladepeche.mr\/index.php?rest_route=\/wp\/v2\/posts\/18253","targetHints":{"allow":["GET"]}}],"collection":[{"href":"https:\/\/ladepeche.mr\/index.php?rest_route=\/wp\/v2\/posts"}],"about":[{"href":"https:\/\/ladepeche.mr\/index.php?rest_route=\/wp\/v2\/types\/post"}],"author":[{"embeddable":true,"href":"https:\/\/ladepeche.mr\/index.php?rest_route=\/wp\/v2\/users\/2"}],"replies":[{"embeddable":true,"href":"https:\/\/ladepeche.mr\/index.php?rest_route=%2Fwp%2Fv2%2Fcomments&post=18253"}],"version-history":[{"count":3,"href":"https:\/\/ladepeche.mr\/index.php?rest_route=\/wp\/v2\/posts\/18253\/revisions"}],"predecessor-version":[{"id":18257,"href":"https:\/\/ladepeche.mr\/index.php?rest_route=\/wp\/v2\/posts\/18253\/revisions\/18257"}],"wp:featuredmedia":[{"embeddable":true,"href":"https:\/\/ladepeche.mr\/index.php?rest_route=\/wp\/v2\/media\/18254"}],"wp:attachment":[{"href":"https:\/\/ladepeche.mr\/index.php?rest_route=%2Fwp%2Fv2%2Fmedia&parent=18253"}],"wp:term":[{"taxonomy":"category","embeddable":true,"href":"https:\/\/ladepeche.mr\/index.php?rest_route=%2Fwp%2Fv2%2Fcategories&post=18253"},{"taxonomy":"post_tag","embeddable":true,"href":"https:\/\/ladepeche.mr\/index.php?rest_route=%2Fwp%2Fv2%2Ftags&post=18253"}],"curies":[{"name":"wp","href":"https:\/\/api.w.org\/{rel}","templated":true}]}}