{"id":18258,"date":"2025-09-22T14:00:57","date_gmt":"2025-09-22T14:00:57","guid":{"rendered":"https:\/\/ladepeche.mr\/?p=18258"},"modified":"2025-09-22T14:04:57","modified_gmt":"2025-09-22T14:04:57","slug":"intemperies-en-mer-un-piroguier-porte-disparu-en-mer-retrouve-apres-une-derive-de-plus-de-24-heures","status":"publish","type":"post","link":"https:\/\/ladepeche.mr\/?p=18258","title":{"rendered":"Intemp\u00e9ries en mer: Un piroguier port\u00e9 disparu en mer retrouv\u00e9 apr\u00e8s une d\u00e9rive de plus de 24 heures"},"content":{"rendered":"<p>Port\u00e9 disparu en mer apr\u00e8s de violentes intemp\u00e9ries, un piroguier parti de Nouakchott en direction de Nouadhibou a \u00e9t\u00e9 retrouv\u00e9 sain et sauf, dimanche, apr\u00e8s plusieurs heures de d\u00e9rive.<\/p>\n<p>Le marin, seul \u00e0 bord de son embarcation, faisait partie d\u2019un convoi de deux pirogues ayant quitt\u00e9 la capitale vendredi. Les conditions m\u00e9t\u00e9orologiques difficiles \u2013 vents violents et forte houle \u2013 ont rapidement s\u00e9par\u00e9 les deux embarcations. D\u00e9sorient\u00e9 et isol\u00e9, le piroguier a poursuivi sa route jusqu\u2019\u00e0 ce que son moteur tombe en panne, faute de carburant.<\/p>\n<p>\u00c0 la d\u00e9rive et incapable de man\u0153uvrer sa pirogue, l\u2019homme s\u2019est laiss\u00e9 entra\u00eener par les courants, sans rep\u00e8res ni moyens de communication. Sa situation aurait pu tourner au drame, mais un navire de p\u00eache croisant sa trajectoire l\u2019a finalement aper\u00e7u et recueilli \u00e0 bord.<\/p>\n<blockquote class=\"wp-embedded-content\" data-secret=\"h0UZ0E2ixY\"><p><a href=\"https:\/\/ladepeche.mr\/?p=18240\">Impact des intemp\u00e9ries sur Nouadhibou: des pertes en millions usd d\u00e9plor\u00e9es<\/a><\/p><\/blockquote>\n<p><iframe loading=\"lazy\" class=\"wp-embedded-content\" sandbox=\"allow-scripts\" security=\"restricted\" style=\"position: absolute; visibility: hidden;\" title=\"\u00ab\u00a0Impact des intemp\u00e9ries sur Nouadhibou: des pertes en millions usd d\u00e9plor\u00e9es\u00a0\u00bb &#8212; La D\u00e9p\u00eache  de Mauritanie et du Sahel\" src=\"https:\/\/ladepeche.mr\/?p=18240&#038;embed=true#?secret=OmMTHqiCkf#?secret=h0UZ0E2ixY\" data-secret=\"h0UZ0E2ixY\" width=\"500\" height=\"282\" frameborder=\"0\" marginwidth=\"0\" marginheight=\"0\" scrolling=\"no\"><\/iframe><\/p>\n<p>Les garde-c\u00f4tes, alert\u00e9s par l\u2019\u00e9quipage du navire de p\u00eache, ont rapidement organis\u00e9 son transfert et confirm\u00e9 qu\u2019il \u00e9tait sain et sauf. L\u2019homme n\u2019a pas \u00e9t\u00e9 bless\u00e9, mais les autorit\u00e9s maritimes rappellent les dangers de prendre la mer en solitaire, surtout dans de telles conditions m\u00e9t\u00e9orologiques.<\/p>\n<p>Une op\u00e9ration de recherche avait \u00e9t\u00e9 d\u00e9clench\u00e9e d\u00e8s la disparition signal\u00e9e du piroguier, mobilisant les services de secours en mer.<br \/>\nDans la nuit de vendredi \u00e0 samedi des vents violents ont frapp\u00e9 la zone maritime de Nouadhibou causant d&#8217;\u00e9normes d\u00e9g\u00e2ts sur les navires de p\u00eache comme ils ont souffl\u00e9 les rev\u00eatements du quai du port autonome de Nouadhibou. Les pertes suite \u00e0 ces intemp\u00e9ries sont estim\u00e9es \u00e0 plusieurs millions Usd. <\/p>\n","protected":false},"excerpt":{"rendered":"<p>Port\u00e9 disparu en mer apr\u00e8s de violentes intemp\u00e9ries, un piroguier parti de Nouakchott en direction de Nouadhibou a \u00e9t\u00e9 retrouv\u00e9 sain et sauf, dimanche, apr\u00e8s plusieurs heures de d\u00e9rive. Le marin, seul \u00e0 bord de son embarcation, faisait partie d\u2019un convoi de deux pirogues ayant quitt\u00e9 la capitale vendredi. Les conditions m\u00e9t\u00e9orologiques difficiles \u2013 vents &hellip;<\/p>\n","protected":false},"author":2,"featured_media":18259,"comment_status":"open","ping_status":"open","sticky":false,"template":"","format":"standard","meta":{"footnotes":""},"categories":[18],"tags":[],"class_list":["post-18258","post","type-post","status-publish","format-standard","has-post-thumbnail","hentry","category-actualites"],"_links":{"self":[{"href":"https:\/\/ladepeche.mr\/index.php?rest_route=\/wp\/v2\/posts\/18258","targetHints":{"allow":["GET"]}}],"collection":[{"href":"https:\/\/ladepeche.mr\/index.php?rest_route=\/wp\/v2\/posts"}],"about":[{"href":"https:\/\/ladepeche.mr\/index.php?rest_route=\/wp\/v2\/types\/post"}],"author":[{"embeddable":true,"href":"https:\/\/ladepeche.mr\/index.php?rest_route=\/wp\/v2\/users\/2"}],"replies":[{"embeddable":true,"href":"https:\/\/ladepeche.mr\/index.php?rest_route=%2Fwp%2Fv2%2Fcomments&post=18258"}],"version-history":[{"count":2,"href":"https:\/\/ladepeche.mr\/index.php?rest_route=\/wp\/v2\/posts\/18258\/revisions"}],"predecessor-version":[{"id":18261,"href":"https:\/\/ladepeche.mr\/index.php?rest_route=\/wp\/v2\/posts\/18258\/revisions\/18261"}],"wp:featuredmedia":[{"embeddable":true,"href":"https:\/\/ladepeche.mr\/index.php?rest_route=\/wp\/v2\/media\/18259"}],"wp:attachment":[{"href":"https:\/\/ladepeche.mr\/index.php?rest_route=%2Fwp%2Fv2%2Fmedia&parent=18258"}],"wp:term":[{"taxonomy":"category","embeddable":true,"href":"https:\/\/ladepeche.mr\/index.php?rest_route=%2Fwp%2Fv2%2Fcategories&post=18258"},{"taxonomy":"post_tag","embeddable":true,"href":"https:\/\/ladepeche.mr\/index.php?rest_route=%2Fwp%2Fv2%2Ftags&post=18258"}],"curies":[{"name":"wp","href":"https:\/\/api.w.org\/{rel}","templated":true}]}}