{"id":18262,"date":"2025-09-22T16:19:36","date_gmt":"2025-09-22T16:19:36","guid":{"rendered":"https:\/\/ladepeche.mr\/?p=18262"},"modified":"2025-09-22T16:20:08","modified_gmt":"2025-09-22T16:20:08","slug":"20-blesses-lors-dechauffourees-tribales-alakhbar","status":"publish","type":"post","link":"https:\/\/ladepeche.mr\/?p=18262","title":{"rendered":"Aioun- 20 bless\u00e9s lors d\u2019\u00e9chauffour\u00e9es tribales (Alakhbar)"},"content":{"rendered":"<p>20 personnes au moins ont \u00e9t\u00e9 bless\u00e9es dans un conflit tribal survenu dimanche au nord de la ville d\u2019Aioun, dans la wilaya du Hodh El Gharbi, rapportent nos confr\u00e8res du site\u00a0\u00abAlakhbar\u00a0\u00bb.<br \/>\n\u00abAlakhbar\u00a0\u00bb citant une source a indiqu\u00e9 que deux des bless\u00e9s l\u00e9gers sont d\u00e9plor\u00e9s dans cette rixe dont la raison n\u2019est pas encore connue.<br \/>\nLes deux bless\u00e9s auraient \u00e9t\u00e9 transf\u00e9r\u00e9s \u00e0 la ville de Kiffa pour y recevoir des soins ad\u00e9quats, pr\u00e9cise la m\u00eame source.<\/p>\n","protected":false},"excerpt":{"rendered":"<p>20 personnes au moins ont \u00e9t\u00e9 bless\u00e9es dans un conflit tribal survenu dimanche au nord de la ville d\u2019Aioun, dans la wilaya du Hodh El Gharbi, rapportent nos confr\u00e8res du site\u00a0\u00abAlakhbar\u00a0\u00bb. \u00abAlakhbar\u00a0\u00bb citant une source a indiqu\u00e9 que deux des bless\u00e9s l\u00e9gers sont d\u00e9plor\u00e9s dans cette rixe dont la raison n\u2019est pas encore connue. Les &hellip;<\/p>\n","protected":false},"author":2,"featured_media":18263,"comment_status":"open","ping_status":"open","sticky":false,"template":"","format":"standard","meta":{"footnotes":""},"categories":[18],"tags":[],"class_list":["post-18262","post","type-post","status-publish","format-standard","has-post-thumbnail","hentry","category-actualites"],"_links":{"self":[{"href":"https:\/\/ladepeche.mr\/index.php?rest_route=\/wp\/v2\/posts\/18262","targetHints":{"allow":["GET"]}}],"collection":[{"href":"https:\/\/ladepeche.mr\/index.php?rest_route=\/wp\/v2\/posts"}],"about":[{"href":"https:\/\/ladepeche.mr\/index.php?rest_route=\/wp\/v2\/types\/post"}],"author":[{"embeddable":true,"href":"https:\/\/ladepeche.mr\/index.php?rest_route=\/wp\/v2\/users\/2"}],"replies":[{"embeddable":true,"href":"https:\/\/ladepeche.mr\/index.php?rest_route=%2Fwp%2Fv2%2Fcomments&post=18262"}],"version-history":[{"count":2,"href":"https:\/\/ladepeche.mr\/index.php?rest_route=\/wp\/v2\/posts\/18262\/revisions"}],"predecessor-version":[{"id":18265,"href":"https:\/\/ladepeche.mr\/index.php?rest_route=\/wp\/v2\/posts\/18262\/revisions\/18265"}],"wp:featuredmedia":[{"embeddable":true,"href":"https:\/\/ladepeche.mr\/index.php?rest_route=\/wp\/v2\/media\/18263"}],"wp:attachment":[{"href":"https:\/\/ladepeche.mr\/index.php?rest_route=%2Fwp%2Fv2%2Fmedia&parent=18262"}],"wp:term":[{"taxonomy":"category","embeddable":true,"href":"https:\/\/ladepeche.mr\/index.php?rest_route=%2Fwp%2Fv2%2Fcategories&post=18262"},{"taxonomy":"post_tag","embeddable":true,"href":"https:\/\/ladepeche.mr\/index.php?rest_route=%2Fwp%2Fv2%2Ftags&post=18262"}],"curies":[{"name":"wp","href":"https:\/\/api.w.org\/{rel}","templated":true}]}}