{"id":18266,"date":"2025-09-22T16:52:45","date_gmt":"2025-09-22T16:52:45","guid":{"rendered":"https:\/\/ladepeche.mr\/?p=18266"},"modified":"2025-09-22T16:52:45","modified_gmt":"2025-09-22T16:52:45","slug":"communique-concernant-lincident-du-citoyen-mauritanien-ibrahima-ba","status":"publish","type":"post","link":"https:\/\/ladepeche.mr\/?p=18266","title":{"rendered":"Communiqu\u00e9 concernant l\u2019incident du citoyen mauritanien Ibrahima Ba"},"content":{"rendered":"<p>L\u2019organisation El Afiah Mownka a suivi avec une profonde inqui\u00e9tude le t\u00e9moignage du citoyen mauritanien Ibrahima Ba, faisant \u00e9tat de souffrances s\u00e9v\u00e8res lors de son interpellation \u00e0 Nouakchott le 18 septembre 2025.<\/p>\n<p>Cette affaire, ind\u00e9pendamment de la v\u00e9rification pr\u00e9cise de ses d\u00e9tails qui rel\u00e8ve des autorit\u00e9s comp\u00e9tentes, nous place tous devant de lourdes responsabilit\u00e9s nationales :<\/p>\n<p>1. Contexte national<\/p>\n<p>La Mauritanie conna\u00eet actuellement une recrudescence du ph\u00e9nom\u00e8ne migratoire, ce qui a conduit les autorit\u00e9s \u00e0 adopter des mesures strictes pour en assurer le contr\u00f4le. Toutefois, ces mesures ne sauraient en aucun cas s\u2019appliquer aux citoyens mauritaniens ni donner lieu \u00e0 des abus portant atteinte \u00e0 leur dignit\u00e9 et \u00e0 leurs droits. M\u00eame les migrants \u00e9trangers, en vertu de leur humanit\u00e9, m\u00e9ritent un traitement digne, conforme aux valeurs de notre religion, \u00e0 la morale de notre soci\u00e9t\u00e9 et aux engagements internationaux de l\u2019\u00c9tat.<\/p>\n<p>2. Exigence d\u2019enqu\u00eate et de transparence<\/p>\n<p>L\u2019organisation appelle les autorit\u00e9s de s\u00e9curit\u00e9 \u00e0 ouvrir une enqu\u00eate urgente et transparente sur cet incident afin d\u2019en r\u00e9v\u00e9ler tous les aspects :<\/p>\n<p>Si le t\u00e9moignage du citoyen Ibrahima Ba est av\u00e9r\u00e9, les responsables de ces abus doivent \u00eatre sanctionn\u00e9s conform\u00e9ment \u00e0 la loi.<\/p>\n<p>Si, au contraire, il s\u2019av\u00e8re que ce r\u00e9cit est d\u00e9nu\u00e9 de fondement, nous demandons l\u2019ouverture d\u2019une proc\u00e9dure judiciaire contre son auteur pour d\u00e9nonciation calomnieuse, afin de prot\u00e9ger la r\u00e9putation des services de s\u00e9curit\u00e9 et de pr\u00e9server l\u2019int\u00e9r\u00eat public.<\/p>\n<p>3. Pr\u00e9servation de la coh\u00e9sion nationale<\/p>\n<p>Ce type de dossier, s\u2019il n\u2019est pas trait\u00e9 avec s\u00e9rieux et transparence, offre des pr\u00e9textes aux acteurs hostiles \u00e0 l\u2019unit\u00e9 nationale et cherchant \u00e0 miner la confiance entre l\u2019\u00c9tat et la soci\u00e9t\u00e9.<br \/>\nC\u2019est pourquoi \u00e9tablir la v\u00e9rit\u00e9 et sanctionner les responsables, quels qu\u2019ils soient, constitue la seule voie pour tarir les sources de rumeurs et fermer la porte aux tentatives de manipulation et de division.<\/p>\n<p>Conclusion<\/p>\n<p>El Afiah Mownka r\u00e9affirme que la justice, la transparence et la protection de la dignit\u00e9 des citoyens sont les piliers fondamentaux de la paix civile et du renforcement de la confiance dans les institutions de l\u2019\u00c9tat.<br \/>\nL\u2019organisation renouvelle son appel \u00e0 la vigilance nationale face \u00e0 tout ce qui menace notre coh\u00e9sion sociale et notre unit\u00e9 nationale.<\/p>\n<p>Nouakchott, le 21 septembre 2025<br \/>\nPour l\u2019organisation El Afiah Mownka<br \/>\nLe Pr\u00e9sident : Ahmed Khattry<\/p>\n","protected":false},"excerpt":{"rendered":"<p>L\u2019organisation El Afiah Mownka a suivi avec une profonde inqui\u00e9tude le t\u00e9moignage du citoyen mauritanien Ibrahima Ba, faisant \u00e9tat de souffrances s\u00e9v\u00e8res lors de son interpellation \u00e0 Nouakchott le 18 septembre 2025. Cette affaire, ind\u00e9pendamment de la v\u00e9rification pr\u00e9cise de ses d\u00e9tails qui rel\u00e8ve des autorit\u00e9s comp\u00e9tentes, nous place tous devant de lourdes responsabilit\u00e9s nationales &hellip;<\/p>\n","protected":false},"author":2,"featured_media":18267,"comment_status":"open","ping_status":"open","sticky":false,"template":"","format":"standard","meta":{"footnotes":""},"categories":[18,31],"tags":[],"class_list":["post-18266","post","type-post","status-publish","format-standard","has-post-thumbnail","hentry","category-actualites","category-politique-et-reportages"],"_links":{"self":[{"href":"https:\/\/ladepeche.mr\/index.php?rest_route=\/wp\/v2\/posts\/18266","targetHints":{"allow":["GET"]}}],"collection":[{"href":"https:\/\/ladepeche.mr\/index.php?rest_route=\/wp\/v2\/posts"}],"about":[{"href":"https:\/\/ladepeche.mr\/index.php?rest_route=\/wp\/v2\/types\/post"}],"author":[{"embeddable":true,"href":"https:\/\/ladepeche.mr\/index.php?rest_route=\/wp\/v2\/users\/2"}],"replies":[{"embeddable":true,"href":"https:\/\/ladepeche.mr\/index.php?rest_route=%2Fwp%2Fv2%2Fcomments&post=18266"}],"version-history":[{"count":1,"href":"https:\/\/ladepeche.mr\/index.php?rest_route=\/wp\/v2\/posts\/18266\/revisions"}],"predecessor-version":[{"id":18268,"href":"https:\/\/ladepeche.mr\/index.php?rest_route=\/wp\/v2\/posts\/18266\/revisions\/18268"}],"wp:featuredmedia":[{"embeddable":true,"href":"https:\/\/ladepeche.mr\/index.php?rest_route=\/wp\/v2\/media\/18267"}],"wp:attachment":[{"href":"https:\/\/ladepeche.mr\/index.php?rest_route=%2Fwp%2Fv2%2Fmedia&parent=18266"}],"wp:term":[{"taxonomy":"category","embeddable":true,"href":"https:\/\/ladepeche.mr\/index.php?rest_route=%2Fwp%2Fv2%2Fcategories&post=18266"},{"taxonomy":"post_tag","embeddable":true,"href":"https:\/\/ladepeche.mr\/index.php?rest_route=%2Fwp%2Fv2%2Ftags&post=18266"}],"curies":[{"name":"wp","href":"https:\/\/api.w.org\/{rel}","templated":true}]}}