{"id":18271,"date":"2025-09-22T17:33:23","date_gmt":"2025-09-22T17:33:23","guid":{"rendered":"https:\/\/ladepeche.mr\/?p=18271"},"modified":"2025-09-22T19:51:31","modified_gmt":"2025-09-22T19:51:31","slug":"lancement-dun-atelier-national-sur-la-reforme-du-systeme-des-marches-publics","status":"publish","type":"post","link":"https:\/\/ladepeche.mr\/?p=18271","title":{"rendered":"Lancement d\u2019un atelier national sur la r\u00e9forme du syst\u00e8me des march\u00e9s publics"},"content":{"rendered":"<p>Les autorit\u00e9s mauritaniennes ont lanc\u00e9 ce lundi un atelier national d\u2019envergure consacr\u00e9 \u00e0 l\u2019\u00e9valuation et \u00e0 la r\u00e9vision du Code des march\u00e9s publics, ainsi que du syst\u00e8me de passation des march\u00e9s de la Banque Centrale. L\u2019\u00e9v\u00e9nement, qui s&#8217;\u00e9talera sur deux jours, marque une nouvelle \u00e9tape dans la modernisation de la commande publique.<br \/>\nLa c\u00e9r\u00e9monie d\u2019ouverture a \u00e9t\u00e9 pr\u00e9sid\u00e9e par le ministre des Affaires \u00c9conomiques et du D\u00e9veloppement, Dr. Abdellah Ould Sidiya, en pr\u00e9sence du gouverneur de la Banque Centrale de Mauritanie, M. Mohamed Lemine Ould Dhehbi, et de plusieurs personnalit\u00e9s du secteur public, priv\u00e9 et de la soci\u00e9t\u00e9 civile.<br \/>\nOrganis\u00e9 dans le cadre d\u2019un partenariat entre le minist\u00e8re et la Banque Centrale, l\u2019atelier vise \u00e0 appuyer les r\u00e9formes en cours dans le domaine des march\u00e9s publics.<br \/>\nObjectif affich\u00e9 : renforcer la transparence, am\u00e9liorer la performance de l\u2019administration et favoriser un environnement \u00e9conomique plus \u00e9quitable.<\/p>\n<p><strong>Une d\u00e9marche participative<\/strong><br \/>\nDans son allocution, le ministre Ould Sidiya a soulign\u00e9 l\u2019importance d\u2019une approche inclusive, int\u00e9grant les acteurs du secteur priv\u00e9, les organisations de la soci\u00e9t\u00e9 civile, les comit\u00e9s techniques ainsi que les partenaires financiers. Cette participation \u00e9largie doit permettre, selon lui, de garantir des r\u00e9formes \u00ab efficaces et adapt\u00e9es aux d\u00e9fis actuels en mati\u00e8re de commande publique \u00bb.<br \/>\nLe ministre a rappel\u00e9 que cette initiative s\u2019inscrit dans le cadre du programme pr\u00e9sidentiel \u00ab Mon ambition pour la nation \u00bb, qui fait de la bonne gouvernance et de l&#8217;efficacit\u00e9 de l\u2019action publique des priorit\u00e9s strat\u00e9giques.<\/p>\n<p><strong>Des avanc\u00e9es concr\u00e8tes<\/strong><\/p>\n<p>Le r\u00f4le pionnier de la Banque Centrale a \u00e9galement \u00e9t\u00e9 mis en avant. Celle-ci a r\u00e9cemment adopt\u00e9 un syst\u00e8me \u00e9lectronique performant pour la passation de ses march\u00e9s, illustrant ainsi sa volont\u00e9 d\u2019accompagner la modernisation des proc\u00e9dures publiques.<br \/>\nLes r\u00e9formes visent notamment \u00e0 rationaliser les d\u00e9penses publiques, \u00e9tablir un cadre juridique transparent, faciliter l\u2019acc\u00e8s des PME aux march\u00e9s publics et renforcer la place du secteur priv\u00e9 dans l\u2019\u00e9conomie nationale.<br \/>\nPar ailleurs, ces efforts s\u2019inscrivent dans un processus plus large de num\u00e9risation des proc\u00e9dures de passation des march\u00e9s, conduit par le Minist\u00e8re de la Transformation Num\u00e9rique, avec le soutien de la Banque Mondiale. Ce projet devrait \u00eatre finalis\u00e9 avant la fin de l\u2019ann\u00e9e.<\/p>\n<p><strong>Une mobilisation multisectorielle<\/strong><\/p>\n<p>La c\u00e9r\u00e9monie a rassembl\u00e9 un large \u00e9ventail de participants, dont le ministre de la Transformation Num\u00e9rique et de la Modernisation de l\u2019Administration, le conseiller du Premier ministre charg\u00e9 de l\u2019\u00e9conomie et des finances, la pr\u00e9sidente de l\u2019Autorit\u00e9 de R\u00e9gulation des March\u00e9s Publics, le repr\u00e9sentant r\u00e9sident de la Banque Mondiale, ainsi que des repr\u00e9sentants d\u2019organismes publics, du monde \u00e9conomique et de la soci\u00e9t\u00e9 civile.<br \/>\n(Avec communiqu\u00e9)<\/p>\n","protected":false},"excerpt":{"rendered":"<p>Les autorit\u00e9s mauritaniennes ont lanc\u00e9 ce lundi un atelier national d\u2019envergure consacr\u00e9 \u00e0 l\u2019\u00e9valuation et \u00e0 la r\u00e9vision du Code des march\u00e9s publics, ainsi que du syst\u00e8me de passation des march\u00e9s de la Banque Centrale. L\u2019\u00e9v\u00e9nement, qui s&#8217;\u00e9talera sur deux jours, marque une nouvelle \u00e9tape dans la modernisation de la commande publique. La c\u00e9r\u00e9monie d\u2019ouverture &hellip;<\/p>\n","protected":false},"author":2,"featured_media":18272,"comment_status":"open","ping_status":"open","sticky":false,"template":"","format":"standard","meta":{"footnotes":""},"categories":[18,2],"tags":[],"class_list":["post-18271","post","type-post","status-publish","format-standard","has-post-thumbnail","hentry","category-actualites","category-economie"],"_links":{"self":[{"href":"https:\/\/ladepeche.mr\/index.php?rest_route=\/wp\/v2\/posts\/18271","targetHints":{"allow":["GET"]}}],"collection":[{"href":"https:\/\/ladepeche.mr\/index.php?rest_route=\/wp\/v2\/posts"}],"about":[{"href":"https:\/\/ladepeche.mr\/index.php?rest_route=\/wp\/v2\/types\/post"}],"author":[{"embeddable":true,"href":"https:\/\/ladepeche.mr\/index.php?rest_route=\/wp\/v2\/users\/2"}],"replies":[{"embeddable":true,"href":"https:\/\/ladepeche.mr\/index.php?rest_route=%2Fwp%2Fv2%2Fcomments&post=18271"}],"version-history":[{"count":3,"href":"https:\/\/ladepeche.mr\/index.php?rest_route=\/wp\/v2\/posts\/18271\/revisions"}],"predecessor-version":[{"id":18275,"href":"https:\/\/ladepeche.mr\/index.php?rest_route=\/wp\/v2\/posts\/18271\/revisions\/18275"}],"wp:featuredmedia":[{"embeddable":true,"href":"https:\/\/ladepeche.mr\/index.php?rest_route=\/wp\/v2\/media\/18272"}],"wp:attachment":[{"href":"https:\/\/ladepeche.mr\/index.php?rest_route=%2Fwp%2Fv2%2Fmedia&parent=18271"}],"wp:term":[{"taxonomy":"category","embeddable":true,"href":"https:\/\/ladepeche.mr\/index.php?rest_route=%2Fwp%2Fv2%2Fcategories&post=18271"},{"taxonomy":"post_tag","embeddable":true,"href":"https:\/\/ladepeche.mr\/index.php?rest_route=%2Fwp%2Fv2%2Ftags&post=18271"}],"curies":[{"name":"wp","href":"https:\/\/api.w.org\/{rel}","templated":true}]}}