{"id":18279,"date":"2025-09-22T21:05:08","date_gmt":"2025-09-22T21:05:08","guid":{"rendered":"https:\/\/ladepeche.mr\/?p=18279"},"modified":"2025-09-22T21:05:08","modified_gmt":"2025-09-22T21:05:08","slug":"1er-octobre-rentree-politique-pour-les-deputes","status":"publish","type":"post","link":"https:\/\/ladepeche.mr\/?p=18279","title":{"rendered":"1er Octobre: Rentr\u00e9e politique pour les d\u00e9put\u00e9s"},"content":{"rendered":"<p>L\u2019Assembl\u00e9e nationale tiendra sa prochaine session parlementaire ordinaire 2025-2026 le mercredi 1er octobre \u00e0 17h00, a annonc\u00e9 lundi l\u2019institution dans un communiqu\u00e9.<br \/>\nLe Pr\u00e9sident de l\u2019Assembl\u00e9e a convoqu\u00e9 les d\u00e9put\u00e9s conform\u00e9ment \u00e0 l\u2019article 52 de la Constitution et aux articles 54 et 55 du r\u00e8glement int\u00e9rieur.<br \/>\nLors de la derni\u00e8re session, plusieurs textes majeurs ont \u00e9t\u00e9 adopt\u00e9s, notamment sur la lutte contre la corruption, la r\u00e9forme du Code de proc\u00e9dure p\u00e9nale et la r\u00e9vision du r\u00e8glement int\u00e9rieur. Certaines dispositions avaient \u00e9t\u00e9 jug\u00e9es irr\u00e9guli\u00e8res par le Conseil constitutionnel.<br \/>\nD\u2019autres lois adopt\u00e9es portaient sur les secteurs de l\u2019eau, de l\u2019\u00e9lectricit\u00e9, de la formation professionnelle, de l\u2019autonomisation des femmes et du d\u00e9veloppement industriel et maritime.<\/p>\n","protected":false},"excerpt":{"rendered":"<p>L\u2019Assembl\u00e9e nationale tiendra sa prochaine session parlementaire ordinaire 2025-2026 le mercredi 1er octobre \u00e0 17h00, a annonc\u00e9 lundi l\u2019institution dans un communiqu\u00e9. Le Pr\u00e9sident de l\u2019Assembl\u00e9e a convoqu\u00e9 les d\u00e9put\u00e9s conform\u00e9ment \u00e0 l\u2019article 52 de la Constitution et aux articles 54 et 55 du r\u00e8glement int\u00e9rieur. Lors de la derni\u00e8re session, plusieurs textes majeurs ont &hellip;<\/p>\n","protected":false},"author":2,"featured_media":15381,"comment_status":"open","ping_status":"open","sticky":false,"template":"","format":"standard","meta":{"footnotes":""},"categories":[18,31],"tags":[],"class_list":["post-18279","post","type-post","status-publish","format-standard","has-post-thumbnail","hentry","category-actualites","category-politique-et-reportages"],"_links":{"self":[{"href":"https:\/\/ladepeche.mr\/index.php?rest_route=\/wp\/v2\/posts\/18279","targetHints":{"allow":["GET"]}}],"collection":[{"href":"https:\/\/ladepeche.mr\/index.php?rest_route=\/wp\/v2\/posts"}],"about":[{"href":"https:\/\/ladepeche.mr\/index.php?rest_route=\/wp\/v2\/types\/post"}],"author":[{"embeddable":true,"href":"https:\/\/ladepeche.mr\/index.php?rest_route=\/wp\/v2\/users\/2"}],"replies":[{"embeddable":true,"href":"https:\/\/ladepeche.mr\/index.php?rest_route=%2Fwp%2Fv2%2Fcomments&post=18279"}],"version-history":[{"count":1,"href":"https:\/\/ladepeche.mr\/index.php?rest_route=\/wp\/v2\/posts\/18279\/revisions"}],"predecessor-version":[{"id":18280,"href":"https:\/\/ladepeche.mr\/index.php?rest_route=\/wp\/v2\/posts\/18279\/revisions\/18280"}],"wp:featuredmedia":[{"embeddable":true,"href":"https:\/\/ladepeche.mr\/index.php?rest_route=\/wp\/v2\/media\/15381"}],"wp:attachment":[{"href":"https:\/\/ladepeche.mr\/index.php?rest_route=%2Fwp%2Fv2%2Fmedia&parent=18279"}],"wp:term":[{"taxonomy":"category","embeddable":true,"href":"https:\/\/ladepeche.mr\/index.php?rest_route=%2Fwp%2Fv2%2Fcategories&post=18279"},{"taxonomy":"post_tag","embeddable":true,"href":"https:\/\/ladepeche.mr\/index.php?rest_route=%2Fwp%2Fv2%2Ftags&post=18279"}],"curies":[{"name":"wp","href":"https:\/\/api.w.org\/{rel}","templated":true}]}}