{"id":18281,"date":"2025-09-23T10:11:39","date_gmt":"2025-09-23T10:11:39","guid":{"rendered":"https:\/\/ladepeche.mr\/?p=18281"},"modified":"2025-09-23T10:11:39","modified_gmt":"2025-09-23T10:11:39","slug":"le-burkina-faso-le-mali-et-le-niger-annoncent-conjointement-leur-retrait-de-la-cpi","status":"publish","type":"post","link":"https:\/\/ladepeche.mr\/?p=18281","title":{"rendered":"Le Burkina Faso, le Mali et le Niger annoncent conjointement leur retrait de la CPI"},"content":{"rendered":"<p>L\u2019annonce a \u00e9t\u00e9 faite lundi 22 septembre simultan\u00e9ment dans les trois capitales : Bamako, Niamey et Ouagadougou. Les trois pays membres de l\u2019Alliance des \u00c9tats du Sahel se retirent du statut de Rome et de la Cour p\u00e9nale internationale \u00ab avec effet imm\u00e9diat \u00bb. Ils accusent la CPI d\u2019appliquer \u00ab une justice s\u00e9lective \u00bb.<br \/>\nLe retrait du Mali, du Niger et du Burkina Faso de la Cour p\u00e9nale internationale (CPI) est une \u00ab d\u00e9cision souveraine \u00bb, pr\u00e9cise le communiqu\u00e9 officiel. Les trois pays, dirig\u00e9s par des putschistes, ont un chapelet de griefs contre la juridiction p\u00e9nale internationale charg\u00e9e de juger les personnes accus\u00e9es de g\u00e9nocide et crimes graves.<\/p>\n<p>La d\u00e9claration commune affirme qu\u2019 \u00ab \u00e0 l\u2019\u00e9preuve du temps \u00bb, la CPI s\u2019est transform\u00e9e \u00ab en instrument de r\u00e9pression n\u00e9ocoloniale aux mains de l\u2019imp\u00e9rialisme, devenant ainsi l\u2019exemple mondial d\u2019une justice s\u00e9lective \u00bb. Pour le Mali, le Niger et le Burkina, c\u2019est ce principe de deux poids deux mesures qui fait qu\u2019ils claquent la porte.<\/p>\n<p>En mars dernier, apr\u00e8s une r\u00e9union de ministres maliens, nig\u00e9riens et burkinab\u00e8, il avait \u00e9t\u00e9 annonc\u00e9 la cr\u00e9ation prochaine d\u2019une Cour p\u00e9nale et des droits de l\u2019homme de l\u2019Alliance des \u00c9tats du Sahel. Lors de la m\u00eame rencontre, la r\u00e9flexion a \u00e9t\u00e9 lanc\u00e9e pour la construction d\u2019une prison r\u00e9gionale de haute s\u00e9curit\u00e9 afin de renforcer la lutte contre le terrorisme et les crimes graves dans l\u2019espace sah\u00e9lien.<br \/>\nRfi<\/p>\n","protected":false},"excerpt":{"rendered":"<p>L\u2019annonce a \u00e9t\u00e9 faite lundi 22 septembre simultan\u00e9ment dans les trois capitales : Bamako, Niamey et Ouagadougou. Les trois pays membres de l\u2019Alliance des \u00c9tats du Sahel se retirent du statut de Rome et de la Cour p\u00e9nale internationale \u00ab avec effet imm\u00e9diat \u00bb. Ils accusent la CPI d\u2019appliquer \u00ab une justice s\u00e9lective \u00bb. Le &hellip;<\/p>\n","protected":false},"author":2,"featured_media":18282,"comment_status":"open","ping_status":"open","sticky":false,"template":"","format":"standard","meta":{"footnotes":""},"categories":[18,29],"tags":[],"class_list":["post-18281","post","type-post","status-publish","format-standard","has-post-thumbnail","hentry","category-actualites","category-monde"],"_links":{"self":[{"href":"https:\/\/ladepeche.mr\/index.php?rest_route=\/wp\/v2\/posts\/18281","targetHints":{"allow":["GET"]}}],"collection":[{"href":"https:\/\/ladepeche.mr\/index.php?rest_route=\/wp\/v2\/posts"}],"about":[{"href":"https:\/\/ladepeche.mr\/index.php?rest_route=\/wp\/v2\/types\/post"}],"author":[{"embeddable":true,"href":"https:\/\/ladepeche.mr\/index.php?rest_route=\/wp\/v2\/users\/2"}],"replies":[{"embeddable":true,"href":"https:\/\/ladepeche.mr\/index.php?rest_route=%2Fwp%2Fv2%2Fcomments&post=18281"}],"version-history":[{"count":1,"href":"https:\/\/ladepeche.mr\/index.php?rest_route=\/wp\/v2\/posts\/18281\/revisions"}],"predecessor-version":[{"id":18283,"href":"https:\/\/ladepeche.mr\/index.php?rest_route=\/wp\/v2\/posts\/18281\/revisions\/18283"}],"wp:featuredmedia":[{"embeddable":true,"href":"https:\/\/ladepeche.mr\/index.php?rest_route=\/wp\/v2\/media\/18282"}],"wp:attachment":[{"href":"https:\/\/ladepeche.mr\/index.php?rest_route=%2Fwp%2Fv2%2Fmedia&parent=18281"}],"wp:term":[{"taxonomy":"category","embeddable":true,"href":"https:\/\/ladepeche.mr\/index.php?rest_route=%2Fwp%2Fv2%2Fcategories&post=18281"},{"taxonomy":"post_tag","embeddable":true,"href":"https:\/\/ladepeche.mr\/index.php?rest_route=%2Fwp%2Fv2%2Ftags&post=18281"}],"curies":[{"name":"wp","href":"https:\/\/api.w.org\/{rel}","templated":true}]}}