{"id":18284,"date":"2025-09-23T10:37:30","date_gmt":"2025-09-23T10:37:30","guid":{"rendered":"https:\/\/ladepeche.mr\/?p=18284"},"modified":"2025-09-23T10:37:30","modified_gmt":"2025-09-23T10:37:30","slug":"nouakchott-lancement-du-programme-de-migration-circulaire-vers-lespagne-pour-50-travailleurs-mauritaniens","status":"publish","type":"post","link":"https:\/\/ladepeche.mr\/?p=18284","title":{"rendered":"Nouakchott : lancement du programme de migration circulaire vers l\u2019Espagne pour 50 travailleurs mauritaniens"},"content":{"rendered":"<p>Un atelier de formation destin\u00e9 \u00e0 cinquante travailleurs mauritaniens s\u2019est tenu ce lundi \u00e0 Nouakchott, marquant le coup d\u2019envoi officiel d\u2019un projet pilote de migration circulaire entre la Mauritanie et le Royaume d\u2019Espagne.<\/p>\n<p>Ce programme in\u00e9dit permettra aux participants de d\u00e9crocher des contrats de travail de neuf mois en Espagne, dans le secteur agricole. Avant leur d\u00e9part, les b\u00e9n\u00e9ficiaires suivront une formation intensive. Les travailleurs respectant les termes de leur contrat, notamment en retournant dans leur pays \u00e0 la fin de la mission, b\u00e9n\u00e9ficieront d\u2019un acc\u00e8s prioritaire pour les saisons suivantes.<\/p>\n<p>Lors de la c\u00e9r\u00e9monie d\u2019ouverture, M. Naji Ould Khattri, secr\u00e9taire g\u00e9n\u00e9ral du minist\u00e8re de la Jeunesse, de l\u2019Emploi, des Sports et du Service civique, a salu\u00e9 cette initiative comme un exemple concret de la solidit\u00e9 des relations entre la Mauritanie et l\u2019Espagne. Selon lui, ce projet constitue un cadre pratique pour r\u00e9pondre aux enjeux migratoires d\u2019int\u00e9r\u00eat commun, en permettant la s\u00e9lection des travailleurs directement dans leur pays d\u2019origine.<\/p>\n<p>\u00ab Le succ\u00e8s de cette initiative pourrait ouvrir de nouveaux horizons pour la jeunesse mauritanienne et favoriser le d\u00e9veloppement de projets similaires \u00e0 l\u2019avenir \u00bb, a-t-il affirm\u00e9. Pour le responsable mauritanien ce projet est au service de la coop\u00e9ration bilat\u00e9rale<\/p>\n<p>Le programme s\u2019inscrit dans le cadre d\u2019une strat\u00e9gie politique nationale visant \u00e0 renforcer l\u2019employabilit\u00e9 des jeunes \u00e0 travers des partenariats internationaux. Un second projet en collaboration avec le gouvernement des \u00eeles Canaries, ax\u00e9 sur la formation professionnelle et le d\u00e9veloppement de comp\u00e9tences dans des secteurs \u00e0 fort potentiel, devrait aussi y contribuer.<\/p>\n<p>Une approche europ\u00e9enne de la migration l\u00e9gale<\/p>\n<p>Pr\u00e9sent \u00e0 l\u2019atelier, l\u2019ambassadeur d\u2019Espagne en Mauritanie, SEM Pablo Barbara G\u00f3mez, a exprim\u00e9 sa satisfaction quant \u00e0 la mise en \u0153uvre de cette initiative. Il a soulign\u00e9 qu\u2019au-del\u00e0 de la lutte contre l\u2019immigration irr\u00e9guli\u00e8re, ce projet incarne une volont\u00e9 commune de renforcer les voies de migration r\u00e9guli\u00e8re et encadr\u00e9e.<\/p>\n<p>Le programme actuel fait suite \u00e0 un appel \u00e0 candidatures lanc\u00e9 en d\u00e9cembre 2024 pour recruter 50 travailleurs agricoles mauritaniens \u00e2g\u00e9s de 25 \u00e0 50 ans, s\u00e9lectionn\u00e9s parmi 300 postulants. Le processus de s\u00e9lection s\u2019est d\u00e9roul\u00e9 entre le 20 d\u00e9cembre 2024 et le 3 janvier 2025. Les travailleurs retenus doivent remplir plusieurs crit\u00e8res pour obtenir des titres de s\u00e9jour et des contrats de travail \u00e0 dur\u00e9e d\u00e9termin\u00e9e.<\/p>\n<p>Ce projet contribue \u00e9galement au partenariat migratoire entre la Mauritanie et l\u2019Union europ\u00e9enne, annonc\u00e9 en mars 2024 \u00e0 Bruxelles. Il repose sur des principes de solidarit\u00e9, de responsabilit\u00e9 partag\u00e9e et de respect des droits humains. L\u2019un de ses axes prioritaires vise \u00e0 promouvoir la migration l\u00e9gale, notamment par la mobilit\u00e9 des \u00e9tudiants, chercheurs, entrepreneurs et travailleurs vers les march\u00e9s europ\u00e9ens.<\/p>\n","protected":false},"excerpt":{"rendered":"<p>Un atelier de formation destin\u00e9 \u00e0 cinquante travailleurs mauritaniens s\u2019est tenu ce lundi \u00e0 Nouakchott, marquant le coup d\u2019envoi officiel d\u2019un projet pilote de migration circulaire entre la Mauritanie et le Royaume d\u2019Espagne. Ce programme in\u00e9dit permettra aux participants de d\u00e9crocher des contrats de travail de neuf mois en Espagne, dans le secteur agricole. Avant &hellip;<\/p>\n","protected":false},"author":2,"featured_media":18285,"comment_status":"open","ping_status":"open","sticky":false,"template":"","format":"standard","meta":{"footnotes":""},"categories":[18,2,29],"tags":[],"class_list":["post-18284","post","type-post","status-publish","format-standard","has-post-thumbnail","hentry","category-actualites","category-economie","category-monde"],"_links":{"self":[{"href":"https:\/\/ladepeche.mr\/index.php?rest_route=\/wp\/v2\/posts\/18284","targetHints":{"allow":["GET"]}}],"collection":[{"href":"https:\/\/ladepeche.mr\/index.php?rest_route=\/wp\/v2\/posts"}],"about":[{"href":"https:\/\/ladepeche.mr\/index.php?rest_route=\/wp\/v2\/types\/post"}],"author":[{"embeddable":true,"href":"https:\/\/ladepeche.mr\/index.php?rest_route=\/wp\/v2\/users\/2"}],"replies":[{"embeddable":true,"href":"https:\/\/ladepeche.mr\/index.php?rest_route=%2Fwp%2Fv2%2Fcomments&post=18284"}],"version-history":[{"count":1,"href":"https:\/\/ladepeche.mr\/index.php?rest_route=\/wp\/v2\/posts\/18284\/revisions"}],"predecessor-version":[{"id":18286,"href":"https:\/\/ladepeche.mr\/index.php?rest_route=\/wp\/v2\/posts\/18284\/revisions\/18286"}],"wp:featuredmedia":[{"embeddable":true,"href":"https:\/\/ladepeche.mr\/index.php?rest_route=\/wp\/v2\/media\/18285"}],"wp:attachment":[{"href":"https:\/\/ladepeche.mr\/index.php?rest_route=%2Fwp%2Fv2%2Fmedia&parent=18284"}],"wp:term":[{"taxonomy":"category","embeddable":true,"href":"https:\/\/ladepeche.mr\/index.php?rest_route=%2Fwp%2Fv2%2Fcategories&post=18284"},{"taxonomy":"post_tag","embeddable":true,"href":"https:\/\/ladepeche.mr\/index.php?rest_route=%2Fwp%2Fv2%2Ftags&post=18284"}],"curies":[{"name":"wp","href":"https:\/\/api.w.org\/{rel}","templated":true}]}}